{"id":93,"date":"2025-11-29T15:59:00","date_gmt":"2025-11-29T14:59:00","guid":{"rendered":"https:\/\/www.lexpertimmo.fr\/blog\/?p=93"},"modified":"2025-10-28T16:01:17","modified_gmt":"2025-10-28T15:01:17","slug":"loi-carrez-comment-anticiper-la-surface-privative-dans-une-vente-immobiliere","status":"publish","type":"post","link":"https:\/\/www.lexpertimmo.fr\/blog\/loi-carrez-comment-anticiper-la-surface-privative-dans-une-vente-immobiliere\/","title":{"rendered":"Loi Carrez : comment anticiper la surface privative dans une vente immobili\u00e8re"},"content":{"rendered":"<p><strong>La loi Carrez<\/strong> encadre la mesure de la <strong>surface privative<\/strong> lors de la <strong>vente immobili\u00e8re<\/strong> d\u2019un bien situ\u00e9 en <strong>copropri\u00e9t\u00e9<\/strong>. Depuis sa cr\u00e9ation, cette <strong>r\u00e9glementation immobili\u00e8re<\/strong> vise \u00e0 garantir la <strong>protection des acqu\u00e9reurs<\/strong> et la transparence autour du <strong>calcul de la superficie<\/strong> r\u00e9elle vendue. De nombreux particuliers s\u2019interrogent sur la port\u00e9e exacte de cette obligation, les exclusions sp\u00e9cifiques telles que celles concernant les <strong>caves et garages<\/strong>, ou encore les r\u00e8gles \u00e0 suivre pour \u00e9viter tout litige au moment de la signature d\u2019un acte. Un regard technique sur ce dispositif permet de clarifier son application au quotidien.<\/p>\n\n<h2>Qu\u2019est-ce que la loi Carrez et qui est concern\u00e9 ?<\/h2>\n<p>Depuis 1996, <strong>la loi Carrez<\/strong> impose aux vendeurs d\u2019indiquer pr\u00e9cis\u00e9ment la <strong>surface privative<\/strong> d\u2019un <strong>bien immobilier<\/strong> propos\u00e9 \u00e0 la vente lorsqu\u2019il fait partie d\u2019une <strong>copropri\u00e9t\u00e9<\/strong>. Cette r\u00e8gle ne concerne que les <strong>lots de copropri\u00e9t\u00e9<\/strong> d\u2019au moins 8 m\u00b2, excluant ainsi les maisons individuelles ou certains types d\u2019annexes.<\/p>\n<p>Les b\u00e9n\u00e9ficiaires de cette r\u00e9glementation sont principalement les futurs acqu\u00e9reurs, pour lesquels conna\u00eetre la <strong>superficie exacte<\/strong> de leur futur logement est essentiel. Ainsi, la <strong>transparence<\/strong> joue un r\u00f4le cl\u00e9, r\u00e9duisant les zones d\u2019ombre entre vendeurs et acheteurs lors des transactions immobili\u00e8res. Ce principe \u00e9vite \u00e9galement les risques de contestation ult\u00e9rieure en cas d\u2019erreur de mesure.<\/p>\n\n<h2>Calcul de la superficie selon la loi Carrez<\/h2>\n<p>Le <strong>calcul de la superficie Carrez<\/strong> r\u00e9pond \u00e0 des crit\u00e8res stricts d\u00e9finis par la <strong>r\u00e9glementation immobili\u00e8re<\/strong>. La m\u00e9thode porte sur la <strong>surface privative<\/strong>, c\u2019est-\u00e0-dire celle dont l\u2019acqu\u00e9reur disposera r\u00e9ellement, sans tenir compte des parties communes ou annexes.<\/p>\n<ul>\n  <li>Il faut mesurer la <strong>surface plancher<\/strong> des locaux, apr\u00e8s d\u00e9duction des murs, gaines, cloisons, embrasures de portes et fen\u00eatres.<\/li>\n  <li>Certains espaces comme les <strong>balcons<\/strong>, <strong>terrasses<\/strong>, <strong>caves et garages<\/strong> sont exclus du calcul par le texte m\u00eame de la loi.<\/li>\n<\/ul>\n<p>En pratique, le relev\u00e9 n\u00e9cessite un mat\u00e9riel pr\u00e9cis et une bonne compr\u00e9hension des limites \u00e0 observer entre parties incluses ou non, notamment d\u00e8s qu\u2019une diff\u00e9rence se pose sur la <strong>hauteur sous plafond<\/strong>.<\/p>\n\n<h3>Quelle importance accorder \u00e0 la hauteur sous plafond ?<\/h3>\n<p>Une autre r\u00e8gle centrale de la <strong>loi Carrez<\/strong> tient \u00e0 la <strong>hauteur sous plafond<\/strong>. Seuls les espaces pr\u00e9sentant au moins <strong>1,80 m\u00e8tre de hauteur<\/strong> sont pris en compte dans le calcul de la superficie.<\/p>\n<p>Concr\u00e8tement, si une pi\u00e8ce poss\u00e8de une partie mansard\u00e9e, seule la <strong>surface b\u00e9n\u00e9ficiant d&rsquo;une hauteur \u00e9gale ou sup\u00e9rieure \u00e0 1,80 m<\/strong> sera retenue. Les <strong>combles am\u00e9nag\u00e9s<\/strong>, selon leur configuration, peuvent donc modifier sensiblement le total affich\u00e9 sur l\u2019acte de vente.<\/p>\n\n<h3>Quels \u00e9l\u00e9ments sont syst\u00e9matiquement exclus du calcul ?<\/h3>\n<p>D\u2019apr\u00e8s la r\u00e9glementation, il convient d\u2019op\u00e9rer plusieurs <strong>exclusions pr\u00e9cises<\/strong> lors de l\u2019estimation :<\/p>\n<ul>\n  <li><strong>Caves<\/strong>, <strong>garages<\/strong>, places de stationnement<\/li>\n  <li><strong>Espaces ext\u00e9rieurs<\/strong> (balcons, terrasses, jardins privatifs)<\/li>\n  <li><strong>Pi\u00e8ces dont la hauteur sous plafond est inf\u00e9rieure \u00e0 1,80 m\u00e8tre<\/strong><\/li>\n<\/ul>\n<p>Le respect de ces exclusions garantit que seule la <strong>surface r\u00e9ellement habitable<\/strong> entre dans le champ du calcul Carrez, pr\u00e9venant toute ambigu\u00eft\u00e9 ou surfacturation des <strong>biens immobiliers<\/strong> \u00e0 vendre.<\/p>\n\n<h2>Obligations du vendeur et recours possibles pour l\u2019acqu\u00e9reur<\/h2>\n<p>Lors d\u2019une <strong>vente immobili\u00e8re<\/strong>, le vendeur doit mentionner la <strong>surface privative Carrez<\/strong> dans tous les documents contractuels, y compris l\u2019avant-contrat ou compromis. L&rsquo;oubli ou une erreur significative peut entra\u00eener des cons\u00e9quences s\u00e9rieuses lors de la transaction.<\/p>\n<p>L\u2019acqu\u00e9reur b\u00e9n\u00e9ficie d\u2019un d\u00e9lai d\u2019un an pour contester la <strong>superficie annonc\u00e9e<\/strong> lorsque celle-ci s\u2019av\u00e8re inf\u00e9rieure de plus de 5 % \u00e0 la r\u00e9alit\u00e9. Il peut alors obtenir une <strong>r\u00e9duction proportionnelle du prix d\u2019achat<\/strong> aupr\u00e8s du vendeur, ce qui encourage une vigilance accrue lors du calcul initial.<\/p>\n\n<h3>Pourquoi faire appel \u00e0 un professionnel du diagnostic ?<\/h3>\n<p>Pour s\u00e9curiser la transaction, beaucoup de vendeurs se tournent vers un <strong>diagnostiqueur immobilier sp\u00e9cialis\u00e9<\/strong>. Celui-ci saura appliquer la m\u00e9thodologie requise, utiliser des outils professionnels et fournir un <strong>certificat fiable<\/strong> destin\u00e9 \u00e0 accompagner l\u2019acte de vente.<\/p>\n<p>Dans certains cas, recourir \u00e0 un expert ext\u00e9rieur prot\u00e8ge non seulement le vendeur contre les erreurs, mais donne assurance \u00e0 l\u2019acqu\u00e9reur quant \u00e0 la v\u00e9racit\u00e9 des informations d\u00e9livr\u00e9es. Cette d\u00e9marche participe \u00e0 la <strong>cr\u00e9dibilit\u00e9 globale de la vente immobili\u00e8re en copropri\u00e9t\u00e9<\/strong>.<\/p>\n\n<h3>Comment pr\u00e9parer son bien avant le m\u00e9trage Carrez ?<\/h3>\n<p>Puisque les <strong>lots de copropri\u00e9t\u00e9<\/strong> peuvent pr\u00e9senter des d\u00e9coupes atypiques ou diverses annexes, il vaut mieux pr\u00e9parer le logement \u00e0 relever. En retirant meubles encombrants, tapis \u00e9pais ou am\u00e9nagements r\u00e9cents, on facilite l\u2019acc\u00e8s aux angles et recoins parfois difficiles \u00e0 mesurer avec pr\u00e9cision.<\/p>\n<p>Un plan d\u00e9taill\u00e9 de l\u2019appartement n\u2019est pas obligatoire, mais reste appr\u00e9ciable pour v\u00e9rifier la correspondance entre <strong>surfaces th\u00e9oriques et mesures effectives<\/strong>. Cela diminue aussi les risques d\u2019oubli d\u2019un placard ou d\u2019une zone partiellement exploitable.<\/p>\n\n<h2>Questions fr\u00e9quentes sur la loi Carrez pour les biens immobiliers en copropri\u00e9t\u00e9<\/h2>\n\n<div itemscope itemtype=\"https:\/\/schema.org\/FAQPage\">\n\n  <div itemscope itemprop='mainEntity' itemtype='https:\/\/schema.org\/Question'>\n    <h3 itemprop='name'>Pourquoi la surface privative diff\u00e8re-t-elle parfois de la surface habitable\u202f?<\/h3>\n    <div itemscope itemprop='acceptedAnswer' itemtype='https:\/\/schema.org\/Answer'>\n      <div itemprop='text'>\n        <p><strong>La surface privative Carrez<\/strong> r\u00e9sulte d\u2019un calcul sp\u00e9cifique qui exclut certaines zones, comme les <strong>caves<\/strong>, <strong>garages<\/strong> ou pi\u00e8ces de moins de <strong>1,80 m\u00e8tre de hauteur sous plafond<\/strong>. \u00c0 l\u2019inverse, la <strong>surface habitable<\/strong> inclut parfois des espaces non consid\u00e9r\u00e9s dans la l\u00e9gislation Carrez. Ces diff\u00e9rences tiennent \u00e0 des <strong>d\u00e9finitions l\u00e9gales distinctes<\/strong> et impactent la fiche descriptive jointe lors d\u2019une <strong>vente immobili\u00e8re<\/strong>.<\/p>\n        <ul>\n          <li><strong>Surface privative<\/strong> = parties closes et couvertes \u00e0 plus de 1,80 m de hauteur, hors annexes<\/li>\n          <li><strong>Surface habitable<\/strong> = surface de plancher, mais souvent hors annexes du lot<\/li>\n        <\/ul>\n      <\/div>\n    <\/div>\n  <\/div>\n\n  <div itemscope itemprop='mainEntity' itemtype='https:\/\/schema.org\/Question'>\n    <h3 itemprop='name'>La loi Carrez s\u2019applique-t-elle sur tous les biens immobiliers\u202f?<\/h3>\n    <div itemscope itemprop='acceptedAnswer' itemtype='https:\/\/schema.org\/Answer'>\n      <div itemprop='text'>\n        <p>Non, la <strong>r\u00e9glementation<\/strong> cible uniquement les <strong>lots de copropri\u00e9t\u00e9<\/strong> de plus de 8 m\u00b2. Les maisons individuelles ou immeubles vendus entiers \u00e9chappent \u00e0 cette obligation. Il en va de m\u00eame pour les ventes sur plans ou constructions neuves destin\u00e9es \u00e0 \u00eatre livr\u00e9es en totalit\u00e9. \u00c0 chaque fois, la notion de <strong>copropri\u00e9t\u00e9<\/strong> conditionne le recours \u00e0 cette r\u00e9glementation immobili\u00e8re.<\/p>\n        <ul>\n          <li><strong>Lots d\u2019habitation collective<\/strong><\/li>\n          <li><strong>Bureaux transform\u00e9s en usage mixte<\/strong> dans certains cas de copropri\u00e9t\u00e9<\/li>\n        <\/ul>\n      <\/div>\n    <\/div>\n  <\/div>\n\n  <div itemscope itemprop='mainEntity' itemtype='https:\/\/schema.org\/Question'>\n    <h3 itemprop='name'>Que peut r\u00e9clamer l\u2019acheteur en cas d\u2019erreur sur la surface Carrez\u202f?<\/h3>\n    <div itemscope itemprop='acceptedAnswer' itemtype='https:\/\/schema.org\/Answer'>\n      <div itemprop='text'>\n        <p>Si l\u2019erreur d\u00e9passe <strong>5\u202f%<\/strong>, l\u2019acqu\u00e9reur peut saisir le tribunal pour demander une <strong>diminution du prix de vente<\/strong> proportionnelle \u00e0 la <strong>superficie effectivement mesur\u00e9e<\/strong>. Il dispose d\u2019un an apr\u00e8s la signature de l\u2019acte authentique pour exercer ce droit. Cette disposition figure parmi les <strong>protections majeures offertes par la loi Carrez<\/strong> afin d\u2019assurer l\u2019\u00e9quit\u00e9 entre vendeurs et acqu\u00e9reurs.<\/p>\n        <ul>\n          <li><strong>R\u00e9duction du prix de vente<\/strong><\/li>\n          <li><strong>Action judiciaire possible pendant 1 an apr\u00e8s la vente<\/strong><\/li>\n        <\/ul>\n      <\/div>\n    <\/div>\n  <\/div>\n\n  <div itemscope itemprop='mainEntity' itemtype='https:\/\/schema.org\/Question'>\n    <h3 itemprop='name'>Peut-on int\u00e9grer les loggias et v\u00e9randas dans la superficie Carrez\u202f?<\/h3>\n    <div itemscope itemprop='acceptedAnswer' itemtype='https:\/\/schema.org\/Answer'>\n      <div itemprop='text'>\n        <p>Les <strong>loggias<\/strong> et <strong>v\u00e9randas<\/strong> peuvent \u00eatre incluses dans la <strong>surface privative<\/strong> si elles sont closes, couvertes et accessibles depuis le lot principal. Cependant, leur int\u00e9gration d\u00e9pend \u00e9galement du respect de la <strong>hauteur sous plafond minimale<\/strong> exig\u00e9e par la r\u00e9glementation immobili\u00e8re. Une v\u00e9randa ouverte ou un simple balcon restera exclu du calcul, conform\u00e9ment \u00e0 la liste des exceptions pr\u00e9vues par la l\u00e9gislation.<\/p>\n        <ul>\n          <li><strong>Loggia ferm\u00e9e\u202f:<\/strong> g\u00e9n\u00e9ralement incluse<\/li>\n          <li><strong>V\u00e9randa climatis\u00e9e avec acc\u00e8s direct\u202f:<\/strong> potentiellement comprise<\/li>\n          <li><strong>Terrasse ou balcon\u202f:<\/strong> toujours exclus<\/li>\n        <\/ul>\n      <\/div>\n    <\/div>\n  <\/div>\n\n<\/div>\n","protected":false},"excerpt":{"rendered":"<p>La loi Carrez encadre la mesure de la surface privative lors de la vente immobili\u00e8re d\u2019un bien situ\u00e9 en copropri\u00e9t\u00e9. Depuis sa cr\u00e9ation, cette r\u00e9glementation immobili\u00e8re vise \u00e0 garantir la protection des acqu\u00e9reurs et la transparence autour du calcul de la superficie r\u00e9elle vendue. De nombreux particuliers s\u2019interrogent sur la port\u00e9e exacte de cette obligation, [&hellip;]<\/p>\n","protected":false},"author":1,"featured_media":92,"comment_status":"closed","ping_status":"open","sticky":false,"template":"","format":"standard","meta":{"saved_in_kubio":false,"footnotes":""},"categories":[1],"tags":[],"class_list":["post-93","post","type-post","status-publish","format-standard","has-post-thumbnail","hentry","category-diagnosticeurs-immo"],"yoast_head":"<!-- This site is optimized with the Yoast SEO plugin v26.2 - https:\/\/yoast.com\/wordpress\/plugins\/seo\/ -->\n<title>Loi Carrez : Anticiper la Surface Privative en Vente Immobili\u00e8re<\/title>\n<meta name=\"description\" content=\"D\u00e9couvrez comment la loi Carrez encadre la surface privative lors de la vente immobili\u00e8re, et les obligations des vendeurs. Assurez-vous d&#039;une transaction transparente.\" \/>\n<meta name=\"robots\" content=\"index, follow, max-snippet:-1, max-image-preview:large, max-video-preview:-1\" \/>\n<link rel=\"canonical\" href=\"https:\/\/www.lexpertimmo.fr\/blog\/loi-carrez-comment-anticiper-la-surface-privative-dans-une-vente-immobiliere\/\" \/>\n<meta property=\"og:locale\" content=\"fr_FR\" \/>\n<meta property=\"og:type\" content=\"article\" \/>\n<meta property=\"og:title\" content=\"Loi Carrez : Anticiper la Surface Privative en Vente Immobili\u00e8re\" \/>\n<meta property=\"og:description\" content=\"D\u00e9couvrez comment la loi Carrez encadre la surface privative lors de la vente immobili\u00e8re, et les obligations des vendeurs. Assurez-vous d&#039;une transaction transparente.\" \/>\n<meta property=\"og:url\" content=\"https:\/\/www.lexpertimmo.fr\/blog\/loi-carrez-comment-anticiper-la-surface-privative-dans-une-vente-immobiliere\/\" \/>\n<meta property=\"og:site_name\" content=\"L&#039;expert immobilier\" \/>\n<meta property=\"article:published_time\" content=\"2025-11-29T14:59:00+00:00\" \/>\n<meta property=\"og:image\" content=\"https:\/\/www.lexpertimmo.fr\/blog\/wp-content\/uploads\/2025\/10\/loi_carrez_comment_anticiper_la_surface_privative_dans_une_vente_immobili_re.webp\" \/>\n\t<meta property=\"og:image:width\" content=\"1344\" \/>\n\t<meta property=\"og:image:height\" content=\"768\" \/>\n\t<meta property=\"og:image:type\" content=\"image\/webp\" \/>\n<meta name=\"author\" content=\"L&#039;expert Immo\" \/>\n<meta name=\"twitter:card\" content=\"summary_large_image\" \/>\n<meta name=\"twitter:label1\" content=\"\u00c9crit par\" \/>\n\t<meta name=\"twitter:data1\" content=\"L&#039;expert Immo\" \/>\n\t<meta name=\"twitter:label2\" content=\"Dur\u00e9e de lecture estim\u00e9e\" \/>\n\t<meta name=\"twitter:data2\" content=\"6 minutes\" \/>\n<script type=\"application\/ld+json\" class=\"yoast-schema-graph\">{\"@context\":\"https:\/\/schema.org\",\"@graph\":[{\"@type\":\"WebPage\",\"@id\":\"https:\/\/www.lexpertimmo.fr\/blog\/loi-carrez-comment-anticiper-la-surface-privative-dans-une-vente-immobiliere\/\",\"url\":\"https:\/\/www.lexpertimmo.fr\/blog\/loi-carrez-comment-anticiper-la-surface-privative-dans-une-vente-immobiliere\/\",\"name\":\"Loi Carrez : Anticiper la Surface Privative en Vente Immobili\u00e8re\",\"isPartOf\":{\"@id\":\"https:\/\/www.lexpertimmo.fr\/blog\/#website\"},\"primaryImageOfPage\":{\"@id\":\"https:\/\/www.lexpertimmo.fr\/blog\/loi-carrez-comment-anticiper-la-surface-privative-dans-une-vente-immobiliere\/#primaryimage\"},\"image\":{\"@id\":\"https:\/\/www.lexpertimmo.fr\/blog\/loi-carrez-comment-anticiper-la-surface-privative-dans-une-vente-immobiliere\/#primaryimage\"},\"thumbnailUrl\":\"https:\/\/www.lexpertimmo.fr\/blog\/wp-content\/uploads\/2025\/10\/loi_carrez_comment_anticiper_la_surface_privative_dans_une_vente_immobili_re.webp\",\"datePublished\":\"2025-11-29T14:59:00+00:00\",\"author\":{\"@id\":\"https:\/\/www.lexpertimmo.fr\/blog\/#\/schema\/person\/612f657a17def4dbdfe66b2d0733d0f2\"},\"description\":\"D\u00e9couvrez comment la loi Carrez encadre la surface privative lors de la vente immobili\u00e8re, et les obligations des vendeurs. Assurez-vous d'une transaction transparente.\",\"breadcrumb\":{\"@id\":\"https:\/\/www.lexpertimmo.fr\/blog\/loi-carrez-comment-anticiper-la-surface-privative-dans-une-vente-immobiliere\/#breadcrumb\"},\"inLanguage\":\"fr-FR\",\"potentialAction\":[{\"@type\":\"ReadAction\",\"target\":[\"https:\/\/www.lexpertimmo.fr\/blog\/loi-carrez-comment-anticiper-la-surface-privative-dans-une-vente-immobiliere\/\"]}]},{\"@type\":\"ImageObject\",\"inLanguage\":\"fr-FR\",\"@id\":\"https:\/\/www.lexpertimmo.fr\/blog\/loi-carrez-comment-anticiper-la-surface-privative-dans-une-vente-immobiliere\/#primaryimage\",\"url\":\"https:\/\/www.lexpertimmo.fr\/blog\/wp-content\/uploads\/2025\/10\/loi_carrez_comment_anticiper_la_surface_privative_dans_une_vente_immobili_re.webp\",\"contentUrl\":\"https:\/\/www.lexpertimmo.fr\/blog\/wp-content\/uploads\/2025\/10\/loi_carrez_comment_anticiper_la_surface_privative_dans_une_vente_immobili_re.webp\",\"width\":1344,\"height\":768,\"caption\":\"Loi Carrez surface privative\"},{\"@type\":\"BreadcrumbList\",\"@id\":\"https:\/\/www.lexpertimmo.fr\/blog\/loi-carrez-comment-anticiper-la-surface-privative-dans-une-vente-immobiliere\/#breadcrumb\",\"itemListElement\":[{\"@type\":\"ListItem\",\"position\":1,\"name\":\"Accueil\",\"item\":\"https:\/\/www.lexpertimmo.fr\/blog\/\"},{\"@type\":\"ListItem\",\"position\":2,\"name\":\"Loi Carrez : comment anticiper la surface privative dans une vente immobili\u00e8re\"}]},{\"@type\":\"WebSite\",\"@id\":\"https:\/\/www.lexpertimmo.fr\/blog\/#website\",\"url\":\"https:\/\/www.lexpertimmo.fr\/blog\/\",\"name\":\"L'expert immobilier\",\"description\":\"Le BLOG\",\"potentialAction\":[{\"@type\":\"SearchAction\",\"target\":{\"@type\":\"EntryPoint\",\"urlTemplate\":\"https:\/\/www.lexpertimmo.fr\/blog\/?s={search_term_string}\"},\"query-input\":{\"@type\":\"PropertyValueSpecification\",\"valueRequired\":true,\"valueName\":\"search_term_string\"}}],\"inLanguage\":\"fr-FR\"},{\"@type\":\"Person\",\"@id\":\"https:\/\/www.lexpertimmo.fr\/blog\/#\/schema\/person\/612f657a17def4dbdfe66b2d0733d0f2\",\"name\":\"L'expert Immo\",\"image\":{\"@type\":\"ImageObject\",\"inLanguage\":\"fr-FR\",\"@id\":\"https:\/\/www.lexpertimmo.fr\/blog\/#\/schema\/person\/image\/\",\"url\":\"https:\/\/secure.gravatar.com\/avatar\/4c162247b59ca670bb3fee74b6df0bc8009381414ef89195254cac6b8ca71a2f?s=96&d=mm&r=g\",\"contentUrl\":\"https:\/\/secure.gravatar.com\/avatar\/4c162247b59ca670bb3fee74b6df0bc8009381414ef89195254cac6b8ca71a2f?s=96&d=mm&r=g\",\"caption\":\"L'expert Immo\"},\"sameAs\":[\"https:\/\/www.lexpertimmo.fr\/blog\"],\"url\":\"https:\/\/www.lexpertimmo.fr\/blog\/author\/admin6654\/\"}]}<\/script>\n<!-- \/ Yoast SEO plugin. -->","yoast_head_json":{"title":"Loi Carrez : Anticiper la Surface Privative en Vente Immobili\u00e8re","description":"D\u00e9couvrez comment la loi Carrez encadre la surface privative lors de la vente immobili\u00e8re, et les obligations des vendeurs. Assurez-vous d'une transaction transparente.","robots":{"index":"index","follow":"follow","max-snippet":"max-snippet:-1","max-image-preview":"max-image-preview:large","max-video-preview":"max-video-preview:-1"},"canonical":"https:\/\/www.lexpertimmo.fr\/blog\/loi-carrez-comment-anticiper-la-surface-privative-dans-une-vente-immobiliere\/","og_locale":"fr_FR","og_type":"article","og_title":"Loi Carrez : Anticiper la Surface Privative en Vente Immobili\u00e8re","og_description":"D\u00e9couvrez comment la loi Carrez encadre la surface privative lors de la vente immobili\u00e8re, et les obligations des vendeurs. Assurez-vous d'une transaction transparente.","og_url":"https:\/\/www.lexpertimmo.fr\/blog\/loi-carrez-comment-anticiper-la-surface-privative-dans-une-vente-immobiliere\/","og_site_name":"L&#039;expert immobilier","article_published_time":"2025-11-29T14:59:00+00:00","og_image":[{"width":1344,"height":768,"url":"https:\/\/www.lexpertimmo.fr\/blog\/wp-content\/uploads\/2025\/10\/loi_carrez_comment_anticiper_la_surface_privative_dans_une_vente_immobili_re.webp","type":"image\/webp"}],"author":"L'expert Immo","twitter_card":"summary_large_image","twitter_misc":{"\u00c9crit par":"L'expert Immo","Dur\u00e9e de lecture estim\u00e9e":"6 minutes"},"schema":{"@context":"https:\/\/schema.org","@graph":[{"@type":"WebPage","@id":"https:\/\/www.lexpertimmo.fr\/blog\/loi-carrez-comment-anticiper-la-surface-privative-dans-une-vente-immobiliere\/","url":"https:\/\/www.lexpertimmo.fr\/blog\/loi-carrez-comment-anticiper-la-surface-privative-dans-une-vente-immobiliere\/","name":"Loi Carrez : Anticiper la Surface Privative en Vente Immobili\u00e8re","isPartOf":{"@id":"https:\/\/www.lexpertimmo.fr\/blog\/#website"},"primaryImageOfPage":{"@id":"https:\/\/www.lexpertimmo.fr\/blog\/loi-carrez-comment-anticiper-la-surface-privative-dans-une-vente-immobiliere\/#primaryimage"},"image":{"@id":"https:\/\/www.lexpertimmo.fr\/blog\/loi-carrez-comment-anticiper-la-surface-privative-dans-une-vente-immobiliere\/#primaryimage"},"thumbnailUrl":"https:\/\/www.lexpertimmo.fr\/blog\/wp-content\/uploads\/2025\/10\/loi_carrez_comment_anticiper_la_surface_privative_dans_une_vente_immobili_re.webp","datePublished":"2025-11-29T14:59:00+00:00","author":{"@id":"https:\/\/www.lexpertimmo.fr\/blog\/#\/schema\/person\/612f657a17def4dbdfe66b2d0733d0f2"},"description":"D\u00e9couvrez comment la loi Carrez encadre la surface privative lors de la vente immobili\u00e8re, et les obligations des vendeurs. Assurez-vous d'une transaction transparente.","breadcrumb":{"@id":"https:\/\/www.lexpertimmo.fr\/blog\/loi-carrez-comment-anticiper-la-surface-privative-dans-une-vente-immobiliere\/#breadcrumb"},"inLanguage":"fr-FR","potentialAction":[{"@type":"ReadAction","target":["https:\/\/www.lexpertimmo.fr\/blog\/loi-carrez-comment-anticiper-la-surface-privative-dans-une-vente-immobiliere\/"]}]},{"@type":"ImageObject","inLanguage":"fr-FR","@id":"https:\/\/www.lexpertimmo.fr\/blog\/loi-carrez-comment-anticiper-la-surface-privative-dans-une-vente-immobiliere\/#primaryimage","url":"https:\/\/www.lexpertimmo.fr\/blog\/wp-content\/uploads\/2025\/10\/loi_carrez_comment_anticiper_la_surface_privative_dans_une_vente_immobili_re.webp","contentUrl":"https:\/\/www.lexpertimmo.fr\/blog\/wp-content\/uploads\/2025\/10\/loi_carrez_comment_anticiper_la_surface_privative_dans_une_vente_immobili_re.webp","width":1344,"height":768,"caption":"Loi Carrez surface privative"},{"@type":"BreadcrumbList","@id":"https:\/\/www.lexpertimmo.fr\/blog\/loi-carrez-comment-anticiper-la-surface-privative-dans-une-vente-immobiliere\/#breadcrumb","itemListElement":[{"@type":"ListItem","position":1,"name":"Accueil","item":"https:\/\/www.lexpertimmo.fr\/blog\/"},{"@type":"ListItem","position":2,"name":"Loi Carrez : comment anticiper la surface privative dans une vente immobili\u00e8re"}]},{"@type":"WebSite","@id":"https:\/\/www.lexpertimmo.fr\/blog\/#website","url":"https:\/\/www.lexpertimmo.fr\/blog\/","name":"L'expert immobilier","description":"Le BLOG","potentialAction":[{"@type":"SearchAction","target":{"@type":"EntryPoint","urlTemplate":"https:\/\/www.lexpertimmo.fr\/blog\/?s={search_term_string}"},"query-input":{"@type":"PropertyValueSpecification","valueRequired":true,"valueName":"search_term_string"}}],"inLanguage":"fr-FR"},{"@type":"Person","@id":"https:\/\/www.lexpertimmo.fr\/blog\/#\/schema\/person\/612f657a17def4dbdfe66b2d0733d0f2","name":"L'expert Immo","image":{"@type":"ImageObject","inLanguage":"fr-FR","@id":"https:\/\/www.lexpertimmo.fr\/blog\/#\/schema\/person\/image\/","url":"https:\/\/secure.gravatar.com\/avatar\/4c162247b59ca670bb3fee74b6df0bc8009381414ef89195254cac6b8ca71a2f?s=96&d=mm&r=g","contentUrl":"https:\/\/secure.gravatar.com\/avatar\/4c162247b59ca670bb3fee74b6df0bc8009381414ef89195254cac6b8ca71a2f?s=96&d=mm&r=g","caption":"L'expert Immo"},"sameAs":["https:\/\/www.lexpertimmo.fr\/blog"],"url":"https:\/\/www.lexpertimmo.fr\/blog\/author\/admin6654\/"}]}},"yoast_meta":{"yoast_wpseo_title":"","yoast_wpseo_metadesc":"","yoast_wpseo_canonical":""},"_links":{"self":[{"href":"https:\/\/www.lexpertimmo.fr\/blog\/wp-json\/wp\/v2\/posts\/93","targetHints":{"allow":["GET"]}}],"collection":[{"href":"https:\/\/www.lexpertimmo.fr\/blog\/wp-json\/wp\/v2\/posts"}],"about":[{"href":"https:\/\/www.lexpertimmo.fr\/blog\/wp-json\/wp\/v2\/types\/post"}],"author":[{"embeddable":true,"href":"https:\/\/www.lexpertimmo.fr\/blog\/wp-json\/wp\/v2\/users\/1"}],"replies":[{"embeddable":true,"href":"https:\/\/www.lexpertimmo.fr\/blog\/wp-json\/wp\/v2\/comments?post=93"}],"version-history":[{"count":1,"href":"https:\/\/www.lexpertimmo.fr\/blog\/wp-json\/wp\/v2\/posts\/93\/revisions"}],"predecessor-version":[{"id":94,"href":"https:\/\/www.lexpertimmo.fr\/blog\/wp-json\/wp\/v2\/posts\/93\/revisions\/94"}],"wp:featuredmedia":[{"embeddable":true,"href":"https:\/\/www.lexpertimmo.fr\/blog\/wp-json\/wp\/v2\/media\/92"}],"wp:attachment":[{"href":"https:\/\/www.lexpertimmo.fr\/blog\/wp-json\/wp\/v2\/media?parent=93"}],"wp:term":[{"taxonomy":"category","embeddable":true,"href":"https:\/\/www.lexpertimmo.fr\/blog\/wp-json\/wp\/v2\/categories?post=93"},{"taxonomy":"post_tag","embeddable":true,"href":"https:\/\/www.lexpertimmo.fr\/blog\/wp-json\/wp\/v2\/tags?post=93"}],"curies":[{"name":"wp","href":"https:\/\/api.w.org\/{rel}","templated":true}]}}