{"id":81,"date":"2025-11-14T15:59:00","date_gmt":"2025-11-14T14:59:00","guid":{"rendered":"https:\/\/www.lexpertimmo.fr\/blog\/?p=81"},"modified":"2025-10-28T16:01:06","modified_gmt":"2025-10-28T15:01:06","slug":"maitriser-l-energie-comprendre-les-enjeux-de-la-transition-energetique-et-de-l-efficacite","status":"publish","type":"post","link":"https:\/\/www.lexpertimmo.fr\/blog\/maitriser-l-energie-comprendre-les-enjeux-de-la-transition-energetique-et-de-l-efficacite\/","title":{"rendered":"Ma\u00eetriser l&rsquo;\u00e9nergie : comprendre les enjeux de la transition \u00e9nerg\u00e9tique et de l&rsquo;efficacit\u00e9"},"content":{"rendered":"<p><strong>L\u2019\u00e9nergie<\/strong> fa\u00e7onne nos modes de vie et intervient \u00e0 chaque \u00e9tape de notre quotidien, bien au-del\u00e0 du simple \u00e9clairage ou chauffage. Face aux d\u00e9fis environnementaux, \u00e9conomiques et sociaux, chaque geste touche \u00e0 une dimension essentielle\u00a0: <strong>l\u2019efficacit\u00e9 \u00e9nerg\u00e9tique<\/strong>. Explorer le vaste sujet de l&rsquo;<strong>\u00e9nergie<\/strong>, c\u2019est plonger dans un univers qui m\u00eale sciences physiques, choix politiques, pr\u00e9occupations sociales et m\u00eame philosophies ayant forg\u00e9 des concepts comme l&rsquo;<strong>\u00e9nerg\u00e9tisme<\/strong> ou le syst\u00e8me philosophique de l&rsquo;\u00e9nergie. Aborder son utilisation revient \u00e9galement \u00e0 questionner la <strong>r\u00e9novation \u00e9nerg\u00e9tique<\/strong> des logements pour lutter contre la <strong>pr\u00e9carit\u00e9 \u00e9nerg\u00e9tique<\/strong>, am\u00e9liorer le confort tout en all\u00e9geant la <strong>consommation d\u2019\u00e9nergie<\/strong>.<\/p>\n\n<h2>Quelles formes d&rsquo;\u00e9nergie structurent notre soci\u00e9t\u00e9\u00a0?<\/h2>\n<p>Derri\u00e8re chaque action humaine se cache une source ou une forme d&rsquo;<strong>\u00e9nergie<\/strong>. On distingue g\u00e9n\u00e9ralement plusieurs grandes cat\u00e9gories, dont certaines sont issues directement du soleil, tandis que d\u2019autres proviennent du sous-sol terrestre ou de transformations industrielles. La compr\u00e9hension des diff\u00e9rentes typologies d\u2019\u00e9nergie aide \u00e0 mieux orienter les <strong>politiques publiques<\/strong> et individuelles vers une <strong>gestion de l\u2019\u00e9nergie<\/strong> plus efficace.<\/p>\n<p>L&rsquo;\u00e9volution de la <strong>production<\/strong> et du <strong>stockage<\/strong> n\u2019a cess\u00e9 de bouleverser les mod\u00e8les historiques et d\u2019alimenter la r\u00e9flexion sur les conditions d\u2019une <strong>performance \u00e9nerg\u00e9tique<\/strong> optimale. C&rsquo;est pourquoi toute strat\u00e9gie visant la sobri\u00e9t\u00e9 ou la r\u00e9novation \u00e9nerg\u00e9tique s\u2019int\u00e9resse d&rsquo;abord \u00e0 la nature de l&rsquo;\u00e9nergie utilis\u00e9e, ainsi qu\u2019\u00e0 ses impacts.<\/p>\n\n<h3>Les principaux types d\u2019\u00e9nergie utilis\u00e9s aujourd\u2019hui<\/h3>\n<p>Les principales <strong>\u00e9nergies exploit\u00e9es<\/strong> aujourd&rsquo;hui rel\u00e8vent de deux familles\u00a0: <strong>fossiles<\/strong> (p\u00e9trole, gaz, charbon) et <strong>renouvelables<\/strong> (solaire, hydraulique, \u00e9olien, biomasse). Chaque source pr\u00e9sente des niveaux de <strong>performance \u00e9nerg\u00e9tique<\/strong> diff\u00e9rents et implique des contraintes techniques, \u00e9conomiques ou \u00e9cologiques uniques.<\/p>\n<p>D\u2019autre part, l\u2019essor de <strong>l\u2019\u00e9lectricit\u00e9<\/strong> comme vecteur universel a boulevers\u00e9 les usages \u00e9nerg\u00e9tiques, avec des enjeux consid\u00e9rables sur le r\u00e9seau, la juste r\u00e9partition et la ma\u00eetrise de la <strong>consommation d&rsquo;\u00e9nergie<\/strong>.<\/p>\n\n<h3>Transport, habitat, industrie\u00a0: o\u00f9 va l\u2019\u00e9nergie consomm\u00e9e\u00a0?<\/h3>\n<p>La r\u00e9partition de la <strong>consommation d&rsquo;\u00e9nergie<\/strong> varie selon les secteurs\u00a0: \u00e0 l\u2019\u00e9chelle nationale ou individuelle, l\u2019<strong>habitat<\/strong>, le <strong>transport<\/strong> et l\u2019<strong>activit\u00e9 industrielle<\/strong> repr\u00e9sentent la majeure partie de la demande totale. D\u00e8s lors, optimiser la <strong>performance \u00e9nerg\u00e9tique<\/strong> dans chaque domaine ouvre la voie \u00e0 un usage plus responsable\u2014un enjeu central de la <strong>transition \u00e9nerg\u00e9tique<\/strong>.<\/p>\n<p>N&rsquo;oublions pas les <strong>pertes li\u00e9es \u00e0 la production<\/strong>, au transport et \u00e0 la transformation, qui r\u00e9duisent d\u2019autant l\u2019<strong>efficacit\u00e9 \u00e9nerg\u00e9tique<\/strong> r\u00e9ellement disponible pour l\u2019utilisateur final.<\/p>\n\n<h2>Comment am\u00e9liorer l\u2019efficacit\u00e9 \u00e9nerg\u00e9tique et ma\u00eetriser sa consommation d\u2019\u00e9nergie\u00a0?<\/h2>\n<p>Optimiser la <strong>gestion de l&rsquo;\u00e9nergie<\/strong> passe par divers leviers, allant du choix des \u00e9quipements individuels \u00e0 la transformation des infrastructures collectives. Les actions ont toutes un objectif commun\u00a0: r\u00e9duire la quantit\u00e9 d\u2019<strong>\u00e9nergie consomm\u00e9e<\/strong>, limiter les gaspillages et placer l&rsquo;acte de consommer dans une perspective durable, sans renoncer au confort ni \u00e0 la s\u00e9curit\u00e9.<\/p>\n<p>Un autre aspect, moins visible mais fondamental, concerne la <strong>sensibilisation<\/strong> et la p\u00e9dagogie. Comprendre ce qu\u2019implique la <strong>performance \u00e9nerg\u00e9tique<\/strong> permet \u00e0 chacun de participer activement \u00e0 la <strong>transition \u00e9nerg\u00e9tique<\/strong>.<\/p>\n<ul>\n  <li><strong>Isolation renforc\u00e9e<\/strong>\u00a0: investir dans l\u2019enveloppe du b\u00e2timent limite les d\u00e9perditions thermiques.<\/li>\n  <li><strong>Appareils performants<\/strong>\u00a0: choisir des \u00e9quipements affichant une faible <strong>consommation d&rsquo;\u00e9nergie<\/strong> optimise les usages quotidiens.<\/li>\n  <li><strong>Gestion intelligente<\/strong>\u00a0: adopter des syst\u00e8mes domotiques offre une ma\u00eetrise fine de la <strong>consommation \u00e9nerg\u00e9tique<\/strong> entre jour et nuit, selon les besoins r\u00e9els.<\/li>\n  <li><strong>Habitudes responsables<\/strong>\u00a0: privil\u00e9gier l\u2019\u00e9clairage LED, abaisser le chauffage, programmer les appareils quand l&rsquo;\u00e9lectricit\u00e9 est moins sollicit\u00e9e\u2026 Les petits gestes comptent.<\/li>\n<\/ul>\n\n<h3>La r\u00e9novation \u00e9nerg\u00e9tique, levier efficace contre la pr\u00e9carit\u00e9 \u00e9nerg\u00e9tique<\/h3>\n<p>Pour des milliers de foyers, l&rsquo;incapacit\u00e9 de chauffer suffisamment leur logement sans sacrifier d&rsquo;autres besoins essentiels traduit une situation de <strong>pr\u00e9carit\u00e9 \u00e9nerg\u00e9tique<\/strong>. Investir dans la <strong>r\u00e9novation thermique<\/strong> change radicalement la donne, tant du point de vue du pouvoir d\u2019achat que de la sant\u00e9 ou du confort.<\/p>\n<p>Ce type d\u2019intervention, encourag\u00e9e par de nombreux dispositifs incitatifs, vise \u00e0 renforcer l\u2019<strong>isolation<\/strong>, remplacer les syst\u00e8mes anciens (chaudi\u00e8res obsol\u00e8tes, fen\u00eatres simples vitrages), et installer des solutions modernes pilotant la <strong>gestion de l\u2019\u00e9nergie<\/strong>.<\/p>\n\n<h3>Suivi et performance \u00e9nerg\u00e9tique\u00a0: quels outils choisir\u00a0?<\/h3>\n<p>L\u2019installation de <strong>compteurs connect\u00e9s<\/strong>, la r\u00e9alisation r\u00e9guli\u00e8re d\u2019un <strong>diagnostic de performance \u00e9nerg\u00e9tique (DPE)<\/strong> ou encore le recours \u00e0 des applications de suivi permettent d\u2019identifier rapidement les postes les plus gourmands en <strong>\u00e9nergie<\/strong>. Ces d\u00e9marches favorisent une meilleure gestion globale et facilitent la prise de d\u00e9cision concernant d\u2019\u00e9ventuels travaux de <strong>r\u00e9novation \u00e9nerg\u00e9tique<\/strong>.<\/p>\n<p>Savoir suivre ses consommations, analyser les pics inhabituels ou ajuster certains \u00e9quipements fait entrer la <strong>ma\u00eetrise \u00e9nerg\u00e9tique<\/strong> dans une logique de progression continue et mesurable.<\/p>\n\n<h2>Vers une philosophie de l\u2019\u00e9nergie\u00a0: l\u2019\u00e9nerg\u00e9tisme et ses d\u00e9bats<\/h2>\n<p>Au-del\u00e0 des chiffres et des technologies, la notion d&rsquo;<strong>\u00e9nergie<\/strong> interroge notre relation au monde\u00a0: d\u2019o\u00f9 vient l\u2019\u00e9nergie, quelles forces sous-tendent le vivant ou l\u2019\u00e9volution de la mati\u00e8re\u00a0? Ces questions traversent les fronti\u00e8res entre disciplines scientifiques et <strong>syst\u00e8mes philosophiques<\/strong>. Certains courants, qualifi\u00e9s d\u2019<strong>\u00e9nerg\u00e9tisme<\/strong>, consid\u00e8rent l\u2019\u00e9nergie comme principe premier ou force fondamentale guidant la structure et la dynamique de l\u2019univers. Leur influence se d\u00e9tecte parfois jusque dans les pratiques m\u00e9dicales alternatives ou le vocabulaire courant li\u00e9 au \u201cbien-\u00eatre\u201d.<\/p>\n<p>Cette pluralit\u00e9 des approches souligne combien la <strong>ma\u00eetrise de l\u2019\u00e9nergie<\/strong> ne peut \u00eatre uniquement technique. Elle ouvre le d\u00e9bat sur les valeurs associ\u00e9es au progr\u00e8s, \u00e0 la <strong>gestion de l\u2019\u00e9nergie<\/strong> et, plus largement, \u00e0 la <strong>transition \u00e9nerg\u00e9tique<\/strong> qui bouleverse aujourd\u2019hui nos soci\u00e9t\u00e9s.<\/p>\n\n<h3>Quelle place pour le syst\u00e8me philosophique de l&rsquo;\u00e9nergie moderne\u00a0?<\/h3>\n<p>Dans le contexte actuel marqu\u00e9 par l\u2019urgence climatique, la relecture des vieux mod\u00e8les philosophiques autour de l&rsquo;<strong>\u00e9nergie<\/strong> croise d\u00e9sormais la r\u00e9flexion \u00e9cologique, \u00e9conomique et sociale. Ce syst\u00e8me philosophique renouvelle la notion de responsabilit\u00e9 collective et interg\u00e9n\u00e9rationnelle\u00a0: comment concevoir une prosp\u00e9rit\u00e9 nouvelle sans surconsommation, quelle hi\u00e9rarchie donner au d\u00e9veloppement versus la pr\u00e9servation des ressources\u00a0?<\/p>\n<p>Ces r\u00e9flexions peuvent servir de boussole pour repenser le rapport \u00e0 l\u2019<strong>efficience<\/strong>, \u00e0 la <strong>consommation d\u2019\u00e9nergie<\/strong> et \u00e0 l\u2019\u00e9quilibre entre innovation et limitation volontaire. Elles influencent ainsi la mani\u00e8re dont les politiques publiques con\u00e7oivent concr\u00e8tement la <strong>transition \u00e9nerg\u00e9tique<\/strong>.<\/p>\n\n<h2>Questions fr\u00e9quentes sur la gestion et la performance \u00e9nerg\u00e9tique<\/h2>\n\n<div itemscope itemtype=\"https:\/\/schema.org\/FAQPage\">\n\n  <div itemscope itemprop='mainEntity' itemtype='https:\/\/schema.org\/Question'>\n    <h3 itemprop='name'>Quels sont les gestes simples pour r\u00e9duire sa consommation d&rsquo;\u00e9nergie\u00a0?<\/h3>\n    <div itemscope itemprop='acceptedAnswer' itemtype='https:\/\/schema.org\/Answer'><div itemprop='text'>\n      Plusieurs actions rapides permettent de diminuer sa <strong>facture \u00e9nerg\u00e9tique<\/strong>\u00a0:\n      <ul>\n        <li>Baisser le thermostat d\u2019un degr\u00e9 pour \u00e9conomiser jusqu\u2019\u00e0 7\u00a0% d\u2019<strong>\u00e9nergie li\u00e9e au chauffage<\/strong>.<\/li>\n        <li>D\u00e9brancher les <strong>appareils en veille<\/strong>.<\/li>\n        <li>Pr\u00e9f\u00e9rer l\u2019<strong>\u00e9clairage basse consommation<\/strong>.<\/li>\n      <\/ul>\n      En limitant aussi le temps de chauffage de l\u2019eau et en optimisant l\u2019utilisation des <strong>appareils \u00e9lectrom\u00e9nagers<\/strong>, on obtient des \u00e9conomies suppl\u00e9mentaires.\n    <\/div><\/div>\n  <\/div>\n\n  <div itemscope itemprop='mainEntity' itemtype='https:\/\/schema.org\/Question'>\n    <h3 itemprop='name'>Comment savoir si mon logement souffre de pr\u00e9carit\u00e9 \u00e9nerg\u00e9tique\u00a0?<\/h3>\n    <div itemscope itemprop='acceptedAnswer' itemtype='https:\/\/schema.org\/Answer'><div itemprop='text'>\n      Un logement pr\u00e9sentant une temp\u00e9rature insuffisante malgr\u00e9 des d\u00e9penses \u00e9lev\u00e9es en <strong>chauffage<\/strong> pose la question d&rsquo;une possible <strong>pr\u00e9carit\u00e9 \u00e9nerg\u00e9tique<\/strong>.\n      <ul>\n        <li>Difficult\u00e9 \u00e0 financer les <strong>factures d&rsquo;\u00e9nergie<\/strong> r\u00e9guli\u00e8rement.<\/li>\n        <li>Pr\u00e9sence d\u2019<strong>humidit\u00e9<\/strong> ou de moisissures persistantes dues \u00e0 une mauvaise <strong>isolation<\/strong>.<\/li>\n      <\/ul>\n      R\u00e9aliser un <strong>diagnostic de performance \u00e9nerg\u00e9tique<\/strong> demeure essentiel pour conna\u00eetre l\u2019\u00e9tat r\u00e9el du bien.\n    <\/div><\/div>\n  <\/div>\n\n  <div itemscope itemprop='mainEntity' itemtype='https:\/\/schema.org\/Question'>\n    <h3 itemprop='name'>Pourquoi la r\u00e9novation \u00e9nerg\u00e9tique est-elle indispensable pour la transition \u00e9nerg\u00e9tique\u00a0?<\/h3>\n    <div itemscope itemprop='acceptedAnswer' itemtype='https:\/\/schema.org\/Answer'><div itemprop='text'>\n      La <strong>r\u00e9novation \u00e9nerg\u00e9tique<\/strong> r\u00e9duit imm\u00e9diatement les besoins en <strong>\u00e9nergie<\/strong>, am\u00e9liore le confort int\u00e9rieur et baisse les \u00e9missions nocives.\n      <ul>\n        <li>Elle rend le logement moins d\u00e9pendant des variations de prix de l\u2019<strong>\u00e9nergie<\/strong>.<\/li>\n        <li>Contribue \u00e0 stabiliser la <strong>demande \u00e9nerg\u00e9tique nationale<\/strong>.<\/li>\n      <\/ul>\n      Cette d\u00e9marche constitue l\u2019une des cl\u00e9s majeures d\u2019une <strong>transition \u00e9nerg\u00e9tique efficace<\/strong> \u00e0 grande \u00e9chelle.\n    <\/div><\/div>\n  <\/div>\n\n  <div itemscope itemprop='mainEntity' itemtype='https:\/\/schema.org\/Question'>\n    <h3 itemprop='name'>En quoi consiste l&rsquo;\u00e9tiquette \u00e9nerg\u00e9tique d&rsquo;un appareil \u00e9lectrom\u00e9nager\u00a0?<\/h3>\n    <div itemscope itemprop='acceptedAnswer' itemtype='https:\/\/schema.org\/Answer'><div itemprop='text'>\n      L\u2019<strong>\u00e9tiquette \u00e9nerg\u00e9tique<\/strong> informe sur la <strong>consommation d\u2019\u00e9nergie annuelle estim\u00e9e<\/strong> et classe l\u2019appareil de A (\u00e9conome) \u00e0 G (\u00e9nergivore).\n      <ul>\n        <li>Elle facilite la <strong>comparaison avant achat<\/strong>.<\/li>\n        <li>Favorise le choix d\u2019<strong>\u00e9quipements r\u00e9pondant \u00e0 de bons crit\u00e8res d\u2019efficacit\u00e9 \u00e9nerg\u00e9tique<\/strong>.<\/li>\n      <\/ul>\n      Voici un exemple simplifi\u00e9 sous forme de tableau\u00a0:\n      <table border=\"1\">\n        <tr><th>Classe<\/th><th>Consommation annuelle estim\u00e9e<\/th><\/tr>\n        <tr><td>A<\/td><td>&lt; 100 kWh\/an<\/td><\/tr>\n        <tr><td>C<\/td><td>100 &#8211; 200 kWh\/an<\/td><\/tr>\n        <tr><td>G<\/td><td>&gt; 350 kWh\/an<\/td><\/tr>\n      <\/table>\n    <\/div><\/div>\n  <\/div>\n\n<\/div>\n","protected":false},"excerpt":{"rendered":"<p>L\u2019\u00e9nergie fa\u00e7onne nos modes de vie et intervient \u00e0 chaque \u00e9tape de notre quotidien, bien au-del\u00e0 du simple \u00e9clairage ou chauffage. Face aux d\u00e9fis environnementaux, \u00e9conomiques et sociaux, chaque geste touche \u00e0 une dimension essentielle\u00a0: l\u2019efficacit\u00e9 \u00e9nerg\u00e9tique. Explorer le vaste sujet de l&rsquo;\u00e9nergie, c\u2019est plonger dans un univers qui m\u00eale sciences physiques, choix politiques, pr\u00e9occupations [&hellip;]<\/p>\n","protected":false},"author":1,"featured_media":80,"comment_status":"closed","ping_status":"open","sticky":false,"template":"","format":"standard","meta":{"saved_in_kubio":false,"footnotes":""},"categories":[1],"tags":[],"class_list":["post-81","post","type-post","status-publish","format-standard","has-post-thumbnail","hentry","category-diagnosticeurs-immo"],"yoast_head":"<!-- This site is optimized with the Yoast SEO plugin v26.2 - https:\/\/yoast.com\/wordpress\/plugins\/seo\/ -->\n<title>Transition \u00e9nerg\u00e9tique : Ma\u00eetriser l&#039;\u00e9nergie et son efficacit\u00e9<\/title>\n<meta name=\"description\" content=\"D\u00e9couvrez comment ma\u00eetriser l&#039;\u00e9nergie et am\u00e9liorer l&#039;efficacit\u00e9 \u00e9nerg\u00e9tique pour une transition \u00e9nerg\u00e9tique r\u00e9ussie. Actions simples et solutions pratiques au rendez-vous.\" \/>\n<meta name=\"robots\" content=\"index, follow, max-snippet:-1, max-image-preview:large, max-video-preview:-1\" \/>\n<link rel=\"canonical\" href=\"https:\/\/www.lexpertimmo.fr\/blog\/maitriser-l-energie-comprendre-les-enjeux-de-la-transition-energetique-et-de-l-efficacite\/\" \/>\n<meta property=\"og:locale\" content=\"fr_FR\" \/>\n<meta property=\"og:type\" content=\"article\" \/>\n<meta property=\"og:title\" content=\"Transition \u00e9nerg\u00e9tique : Ma\u00eetriser l&#039;\u00e9nergie et son efficacit\u00e9\" \/>\n<meta property=\"og:description\" content=\"D\u00e9couvrez comment ma\u00eetriser l&#039;\u00e9nergie et am\u00e9liorer l&#039;efficacit\u00e9 \u00e9nerg\u00e9tique pour une transition \u00e9nerg\u00e9tique r\u00e9ussie. Actions simples et solutions pratiques au rendez-vous.\" \/>\n<meta property=\"og:url\" content=\"https:\/\/www.lexpertimmo.fr\/blog\/maitriser-l-energie-comprendre-les-enjeux-de-la-transition-energetique-et-de-l-efficacite\/\" \/>\n<meta property=\"og:site_name\" content=\"L&#039;expert immobilier\" \/>\n<meta property=\"article:published_time\" content=\"2025-11-14T14:59:00+00:00\" \/>\n<meta property=\"og:image\" content=\"https:\/\/www.lexpertimmo.fr\/blog\/wp-content\/uploads\/2025\/10\/ma_triser_l_nergie_comprendre_les_enjeux_de_la_transition_nerg_tique_et_de_lefficacit_.webp\" \/>\n\t<meta property=\"og:image:width\" content=\"1344\" \/>\n\t<meta property=\"og:image:height\" content=\"768\" \/>\n\t<meta property=\"og:image:type\" content=\"image\/webp\" \/>\n<meta name=\"author\" content=\"L&#039;expert Immo\" \/>\n<meta name=\"twitter:card\" content=\"summary_large_image\" \/>\n<meta name=\"twitter:label1\" content=\"\u00c9crit par\" \/>\n\t<meta name=\"twitter:data1\" content=\"L&#039;expert Immo\" \/>\n\t<meta name=\"twitter:label2\" content=\"Dur\u00e9e de lecture estim\u00e9e\" \/>\n\t<meta name=\"twitter:data2\" content=\"7 minutes\" \/>\n<script type=\"application\/ld+json\" class=\"yoast-schema-graph\">{\"@context\":\"https:\/\/schema.org\",\"@graph\":[{\"@type\":\"WebPage\",\"@id\":\"https:\/\/www.lexpertimmo.fr\/blog\/maitriser-l-energie-comprendre-les-enjeux-de-la-transition-energetique-et-de-l-efficacite\/\",\"url\":\"https:\/\/www.lexpertimmo.fr\/blog\/maitriser-l-energie-comprendre-les-enjeux-de-la-transition-energetique-et-de-l-efficacite\/\",\"name\":\"Transition \u00e9nerg\u00e9tique : Ma\u00eetriser l'\u00e9nergie et son efficacit\u00e9\",\"isPartOf\":{\"@id\":\"https:\/\/www.lexpertimmo.fr\/blog\/#website\"},\"primaryImageOfPage\":{\"@id\":\"https:\/\/www.lexpertimmo.fr\/blog\/maitriser-l-energie-comprendre-les-enjeux-de-la-transition-energetique-et-de-l-efficacite\/#primaryimage\"},\"image\":{\"@id\":\"https:\/\/www.lexpertimmo.fr\/blog\/maitriser-l-energie-comprendre-les-enjeux-de-la-transition-energetique-et-de-l-efficacite\/#primaryimage\"},\"thumbnailUrl\":\"https:\/\/www.lexpertimmo.fr\/blog\/wp-content\/uploads\/2025\/10\/ma_triser_l_nergie_comprendre_les_enjeux_de_la_transition_nerg_tique_et_de_lefficacit_.webp\",\"datePublished\":\"2025-11-14T14:59:00+00:00\",\"author\":{\"@id\":\"https:\/\/www.lexpertimmo.fr\/blog\/#\/schema\/person\/612f657a17def4dbdfe66b2d0733d0f2\"},\"description\":\"D\u00e9couvrez comment ma\u00eetriser l'\u00e9nergie et am\u00e9liorer l'efficacit\u00e9 \u00e9nerg\u00e9tique pour une transition \u00e9nerg\u00e9tique r\u00e9ussie. Actions simples et solutions pratiques au rendez-vous.\",\"breadcrumb\":{\"@id\":\"https:\/\/www.lexpertimmo.fr\/blog\/maitriser-l-energie-comprendre-les-enjeux-de-la-transition-energetique-et-de-l-efficacite\/#breadcrumb\"},\"inLanguage\":\"fr-FR\",\"potentialAction\":[{\"@type\":\"ReadAction\",\"target\":[\"https:\/\/www.lexpertimmo.fr\/blog\/maitriser-l-energie-comprendre-les-enjeux-de-la-transition-energetique-et-de-l-efficacite\/\"]}]},{\"@type\":\"ImageObject\",\"inLanguage\":\"fr-FR\",\"@id\":\"https:\/\/www.lexpertimmo.fr\/blog\/maitriser-l-energie-comprendre-les-enjeux-de-la-transition-energetique-et-de-l-efficacite\/#primaryimage\",\"url\":\"https:\/\/www.lexpertimmo.fr\/blog\/wp-content\/uploads\/2025\/10\/ma_triser_l_nergie_comprendre_les_enjeux_de_la_transition_nerg_tique_et_de_lefficacit_.webp\",\"contentUrl\":\"https:\/\/www.lexpertimmo.fr\/blog\/wp-content\/uploads\/2025\/10\/ma_triser_l_nergie_comprendre_les_enjeux_de_la_transition_nerg_tique_et_de_lefficacit_.webp\",\"width\":1344,\"height\":768,\"caption\":\"Transition \u00e9nerg\u00e9tique\"},{\"@type\":\"BreadcrumbList\",\"@id\":\"https:\/\/www.lexpertimmo.fr\/blog\/maitriser-l-energie-comprendre-les-enjeux-de-la-transition-energetique-et-de-l-efficacite\/#breadcrumb\",\"itemListElement\":[{\"@type\":\"ListItem\",\"position\":1,\"name\":\"Accueil\",\"item\":\"https:\/\/www.lexpertimmo.fr\/blog\/\"},{\"@type\":\"ListItem\",\"position\":2,\"name\":\"Ma\u00eetriser l&rsquo;\u00e9nergie : comprendre les enjeux de la transition \u00e9nerg\u00e9tique et de l&rsquo;efficacit\u00e9\"}]},{\"@type\":\"WebSite\",\"@id\":\"https:\/\/www.lexpertimmo.fr\/blog\/#website\",\"url\":\"https:\/\/www.lexpertimmo.fr\/blog\/\",\"name\":\"L'expert immobilier\",\"description\":\"Le BLOG\",\"potentialAction\":[{\"@type\":\"SearchAction\",\"target\":{\"@type\":\"EntryPoint\",\"urlTemplate\":\"https:\/\/www.lexpertimmo.fr\/blog\/?s={search_term_string}\"},\"query-input\":{\"@type\":\"PropertyValueSpecification\",\"valueRequired\":true,\"valueName\":\"search_term_string\"}}],\"inLanguage\":\"fr-FR\"},{\"@type\":\"Person\",\"@id\":\"https:\/\/www.lexpertimmo.fr\/blog\/#\/schema\/person\/612f657a17def4dbdfe66b2d0733d0f2\",\"name\":\"L'expert Immo\",\"image\":{\"@type\":\"ImageObject\",\"inLanguage\":\"fr-FR\",\"@id\":\"https:\/\/www.lexpertimmo.fr\/blog\/#\/schema\/person\/image\/\",\"url\":\"https:\/\/secure.gravatar.com\/avatar\/4c162247b59ca670bb3fee74b6df0bc8009381414ef89195254cac6b8ca71a2f?s=96&d=mm&r=g\",\"contentUrl\":\"https:\/\/secure.gravatar.com\/avatar\/4c162247b59ca670bb3fee74b6df0bc8009381414ef89195254cac6b8ca71a2f?s=96&d=mm&r=g\",\"caption\":\"L'expert Immo\"},\"sameAs\":[\"https:\/\/www.lexpertimmo.fr\/blog\"],\"url\":\"https:\/\/www.lexpertimmo.fr\/blog\/author\/admin6654\/\"}]}<\/script>\n<!-- \/ Yoast SEO plugin. -->","yoast_head_json":{"title":"Transition \u00e9nerg\u00e9tique : Ma\u00eetriser l'\u00e9nergie et son efficacit\u00e9","description":"D\u00e9couvrez comment ma\u00eetriser l'\u00e9nergie et am\u00e9liorer l'efficacit\u00e9 \u00e9nerg\u00e9tique pour une transition \u00e9nerg\u00e9tique r\u00e9ussie. Actions simples et solutions pratiques au rendez-vous.","robots":{"index":"index","follow":"follow","max-snippet":"max-snippet:-1","max-image-preview":"max-image-preview:large","max-video-preview":"max-video-preview:-1"},"canonical":"https:\/\/www.lexpertimmo.fr\/blog\/maitriser-l-energie-comprendre-les-enjeux-de-la-transition-energetique-et-de-l-efficacite\/","og_locale":"fr_FR","og_type":"article","og_title":"Transition \u00e9nerg\u00e9tique : Ma\u00eetriser l'\u00e9nergie et son efficacit\u00e9","og_description":"D\u00e9couvrez comment ma\u00eetriser l'\u00e9nergie et am\u00e9liorer l'efficacit\u00e9 \u00e9nerg\u00e9tique pour une transition \u00e9nerg\u00e9tique r\u00e9ussie. Actions simples et solutions pratiques au rendez-vous.","og_url":"https:\/\/www.lexpertimmo.fr\/blog\/maitriser-l-energie-comprendre-les-enjeux-de-la-transition-energetique-et-de-l-efficacite\/","og_site_name":"L&#039;expert immobilier","article_published_time":"2025-11-14T14:59:00+00:00","og_image":[{"width":1344,"height":768,"url":"https:\/\/www.lexpertimmo.fr\/blog\/wp-content\/uploads\/2025\/10\/ma_triser_l_nergie_comprendre_les_enjeux_de_la_transition_nerg_tique_et_de_lefficacit_.webp","type":"image\/webp"}],"author":"L'expert Immo","twitter_card":"summary_large_image","twitter_misc":{"\u00c9crit par":"L'expert Immo","Dur\u00e9e de lecture estim\u00e9e":"7 minutes"},"schema":{"@context":"https:\/\/schema.org","@graph":[{"@type":"WebPage","@id":"https:\/\/www.lexpertimmo.fr\/blog\/maitriser-l-energie-comprendre-les-enjeux-de-la-transition-energetique-et-de-l-efficacite\/","url":"https:\/\/www.lexpertimmo.fr\/blog\/maitriser-l-energie-comprendre-les-enjeux-de-la-transition-energetique-et-de-l-efficacite\/","name":"Transition \u00e9nerg\u00e9tique : Ma\u00eetriser l'\u00e9nergie et son efficacit\u00e9","isPartOf":{"@id":"https:\/\/www.lexpertimmo.fr\/blog\/#website"},"primaryImageOfPage":{"@id":"https:\/\/www.lexpertimmo.fr\/blog\/maitriser-l-energie-comprendre-les-enjeux-de-la-transition-energetique-et-de-l-efficacite\/#primaryimage"},"image":{"@id":"https:\/\/www.lexpertimmo.fr\/blog\/maitriser-l-energie-comprendre-les-enjeux-de-la-transition-energetique-et-de-l-efficacite\/#primaryimage"},"thumbnailUrl":"https:\/\/www.lexpertimmo.fr\/blog\/wp-content\/uploads\/2025\/10\/ma_triser_l_nergie_comprendre_les_enjeux_de_la_transition_nerg_tique_et_de_lefficacit_.webp","datePublished":"2025-11-14T14:59:00+00:00","author":{"@id":"https:\/\/www.lexpertimmo.fr\/blog\/#\/schema\/person\/612f657a17def4dbdfe66b2d0733d0f2"},"description":"D\u00e9couvrez comment ma\u00eetriser l'\u00e9nergie et am\u00e9liorer l'efficacit\u00e9 \u00e9nerg\u00e9tique pour une transition \u00e9nerg\u00e9tique r\u00e9ussie. Actions simples et solutions pratiques au rendez-vous.","breadcrumb":{"@id":"https:\/\/www.lexpertimmo.fr\/blog\/maitriser-l-energie-comprendre-les-enjeux-de-la-transition-energetique-et-de-l-efficacite\/#breadcrumb"},"inLanguage":"fr-FR","potentialAction":[{"@type":"ReadAction","target":["https:\/\/www.lexpertimmo.fr\/blog\/maitriser-l-energie-comprendre-les-enjeux-de-la-transition-energetique-et-de-l-efficacite\/"]}]},{"@type":"ImageObject","inLanguage":"fr-FR","@id":"https:\/\/www.lexpertimmo.fr\/blog\/maitriser-l-energie-comprendre-les-enjeux-de-la-transition-energetique-et-de-l-efficacite\/#primaryimage","url":"https:\/\/www.lexpertimmo.fr\/blog\/wp-content\/uploads\/2025\/10\/ma_triser_l_nergie_comprendre_les_enjeux_de_la_transition_nerg_tique_et_de_lefficacit_.webp","contentUrl":"https:\/\/www.lexpertimmo.fr\/blog\/wp-content\/uploads\/2025\/10\/ma_triser_l_nergie_comprendre_les_enjeux_de_la_transition_nerg_tique_et_de_lefficacit_.webp","width":1344,"height":768,"caption":"Transition \u00e9nerg\u00e9tique"},{"@type":"BreadcrumbList","@id":"https:\/\/www.lexpertimmo.fr\/blog\/maitriser-l-energie-comprendre-les-enjeux-de-la-transition-energetique-et-de-l-efficacite\/#breadcrumb","itemListElement":[{"@type":"ListItem","position":1,"name":"Accueil","item":"https:\/\/www.lexpertimmo.fr\/blog\/"},{"@type":"ListItem","position":2,"name":"Ma\u00eetriser l&rsquo;\u00e9nergie : comprendre les enjeux de la transition \u00e9nerg\u00e9tique et de l&rsquo;efficacit\u00e9"}]},{"@type":"WebSite","@id":"https:\/\/www.lexpertimmo.fr\/blog\/#website","url":"https:\/\/www.lexpertimmo.fr\/blog\/","name":"L'expert immobilier","description":"Le BLOG","potentialAction":[{"@type":"SearchAction","target":{"@type":"EntryPoint","urlTemplate":"https:\/\/www.lexpertimmo.fr\/blog\/?s={search_term_string}"},"query-input":{"@type":"PropertyValueSpecification","valueRequired":true,"valueName":"search_term_string"}}],"inLanguage":"fr-FR"},{"@type":"Person","@id":"https:\/\/www.lexpertimmo.fr\/blog\/#\/schema\/person\/612f657a17def4dbdfe66b2d0733d0f2","name":"L'expert Immo","image":{"@type":"ImageObject","inLanguage":"fr-FR","@id":"https:\/\/www.lexpertimmo.fr\/blog\/#\/schema\/person\/image\/","url":"https:\/\/secure.gravatar.com\/avatar\/4c162247b59ca670bb3fee74b6df0bc8009381414ef89195254cac6b8ca71a2f?s=96&d=mm&r=g","contentUrl":"https:\/\/secure.gravatar.com\/avatar\/4c162247b59ca670bb3fee74b6df0bc8009381414ef89195254cac6b8ca71a2f?s=96&d=mm&r=g","caption":"L'expert Immo"},"sameAs":["https:\/\/www.lexpertimmo.fr\/blog"],"url":"https:\/\/www.lexpertimmo.fr\/blog\/author\/admin6654\/"}]}},"yoast_meta":{"yoast_wpseo_title":"","yoast_wpseo_metadesc":"","yoast_wpseo_canonical":""},"_links":{"self":[{"href":"https:\/\/www.lexpertimmo.fr\/blog\/wp-json\/wp\/v2\/posts\/81","targetHints":{"allow":["GET"]}}],"collection":[{"href":"https:\/\/www.lexpertimmo.fr\/blog\/wp-json\/wp\/v2\/posts"}],"about":[{"href":"https:\/\/www.lexpertimmo.fr\/blog\/wp-json\/wp\/v2\/types\/post"}],"author":[{"embeddable":true,"href":"https:\/\/www.lexpertimmo.fr\/blog\/wp-json\/wp\/v2\/users\/1"}],"replies":[{"embeddable":true,"href":"https:\/\/www.lexpertimmo.fr\/blog\/wp-json\/wp\/v2\/comments?post=81"}],"version-history":[{"count":1,"href":"https:\/\/www.lexpertimmo.fr\/blog\/wp-json\/wp\/v2\/posts\/81\/revisions"}],"predecessor-version":[{"id":82,"href":"https:\/\/www.lexpertimmo.fr\/blog\/wp-json\/wp\/v2\/posts\/81\/revisions\/82"}],"wp:featuredmedia":[{"embeddable":true,"href":"https:\/\/www.lexpertimmo.fr\/blog\/wp-json\/wp\/v2\/media\/80"}],"wp:attachment":[{"href":"https:\/\/www.lexpertimmo.fr\/blog\/wp-json\/wp\/v2\/media?parent=81"}],"wp:term":[{"taxonomy":"category","embeddable":true,"href":"https:\/\/www.lexpertimmo.fr\/blog\/wp-json\/wp\/v2\/categories?post=81"},{"taxonomy":"post_tag","embeddable":true,"href":"https:\/\/www.lexpertimmo.fr\/blog\/wp-json\/wp\/v2\/tags?post=81"}],"curies":[{"name":"wp","href":"https:\/\/api.w.org\/{rel}","templated":true}]}}