{"id":48,"date":"2025-10-28T15:56:00","date_gmt":"2025-10-28T14:56:00","guid":{"rendered":"https:\/\/www.lexpertimmo.fr\/blog\/2025\/10\/28\/comprendre-l-etat-des-lieux-locatifs-un-passage-cle-pour-proteger-locataires-et-proprietaires\/"},"modified":"2025-10-28T16:09:36","modified_gmt":"2025-10-28T15:09:36","slug":"comprendre-l-etat-des-lieux-locatifs-un-passage-cle-pour-proteger-locataires-et-proprietaires","status":"publish","type":"post","link":"https:\/\/www.lexpertimmo.fr\/blog\/comprendre-l-etat-des-lieux-locatifs-un-passage-cle-pour-proteger-locataires-et-proprietaires\/","title":{"rendered":"Comprendre l\u2019\u00e9tat des lieux locatifs\u202f: un passage cl\u00e9 pour prot\u00e9ger locataires et propri\u00e9taires"},"content":{"rendered":"<p><strong>L\u2019\u00e9tat des lieux locatifs<\/strong> occupe une place centrale au moment de la location d\u2019un bien immobilier. Ce <strong>document obligatoire<\/strong> accompagne chaque nouvelle location ou d\u00e9part de locataire, facilitant ainsi la <strong>protection du locataire et du propri\u00e9taire<\/strong>. Il permet d\u2019\u00e9viter bien des litiges gr\u00e2ce \u00e0 la <strong>constatation objective de l\u2019\u00e9tat du logement<\/strong> et des \u00e9quipements \u00e0 deux moments cl\u00e9s\u202f: <strong>l\u2019entr\u00e9e et la sortie du locataire<\/strong>. Pour bien r\u00e9ussir cette \u00e9tape, il est utile de se pencher sur les r\u00e8gles \u00e0 respecter, la fa\u00e7on d\u2019\u00e9tablir le document et ses implications pratiques.<\/p>\n\n<h2>Qu\u2019est-ce qu\u2019un \u00e9tat des lieux locatifs\u202f?<\/h2>\n<p><strong>L\u2019\u00e9tat des lieux locatifs<\/strong> correspond \u00e0 un <strong>inventaire pr\u00e9cis et contradictoire de l\u2019\u00e9tat du logement<\/strong> au d\u00e9but et \u00e0 la fin de la location. L\u2019objectif principal consiste \u00e0 dresser une <strong>description fid\u00e8le du bien<\/strong> ainsi que de l\u2019<strong>\u00e9tat des \u00e9quipements pr\u00e9sents<\/strong>. Cette op\u00e9ration vise avant tout \u00e0 pr\u00e9server les int\u00e9r\u00eats de chaque partie afin d\u2019\u00e9viter des contestations sur d\u2019\u00e9ventuelles d\u00e9gradations constat\u00e9es lors de la restitution du bien.<\/p>\n<p>R\u00e9dig\u00e9 en pr\u00e9sence du propri\u00e9taire (ou de son repr\u00e9sentant) et du locataire, ce <strong>document devient une annexe essentielle du contrat de location\/bail<\/strong>. Sans cet \u00e9tat des lieux, il devient difficile de prouver l\u2019existence d\u2019\u00e9ventuelles d\u00e9t\u00e9riorations ou am\u00e9liorations au fil de l\u2019occupation du logement. Sa forme \u00e9crite et d\u00e9taill\u00e9e prot\u00e8ge donc autant celui qui loue que celui qui occupe le bien.<\/p>\n\n<h2>Quand r\u00e9aliser l\u2019\u00e9tat des lieux\u202f?<\/h2>\n<p>Deux moments essentiels rythment l\u2019\u00e9tablissement de ce <strong>document obligatoire<\/strong>\u202f: <strong>l\u2019entr\u00e9e et la sortie du locataire<\/strong>. \u00c0 chaque \u00e9tape cl\u00e9 de la vie locative, l\u2019\u00e9tat des lieux encadre juridiquement la <strong>remise des cl\u00e9s<\/strong> et fixe la r\u00e9f\u00e9rence \u00e0 partir de laquelle toute d\u00e9t\u00e9rioration ou am\u00e9lioration du logement sera \u00e9valu\u00e9e.<\/p>\n<p>Le premier \u00e9tat des lieux doit s\u2019effectuer juste avant l\u2019emm\u00e9nagement, avec toutes les parties r\u00e9unies dans le logement. De m\u00eame, un \u00e9tat sortant doit \u00eatre r\u00e9alis\u00e9 lorsque le locataire envisage de quitter l\u2019appartement ou la maison. Chacune de ces <strong>constatations doit obligatoirement \u00eatre sign\u00e9e par les deux parties<\/strong> et annex\u00e9e au <strong>contrat de location\/bail<\/strong>.<\/p>\n\n<h2>Comment remplir un \u00e9tat des lieux conforme\u202f?<\/h2>\n<p>Pour garantir la valeur juridique de la <strong>constatation de l\u2019\u00e9tat des lieux<\/strong>, il est essentiel de suivre une m\u00e9thode rigoureuse et compl\u00e8te.<\/p>\n\n<p>Certains \u00e9l\u00e9ments doivent imp\u00e9rativement figurer dans le document pour assurer sa validit\u00e9 en cas de d\u00e9saccord ult\u00e9rieur.<\/p>\n\n<ul>\n  <li><strong>L\u2019adresse compl\u00e8te du logement<\/strong><\/li>\n  <li><strong>La date de r\u00e9alisation<\/strong><\/li>\n  <li><strong>Le nom des occupants et du propri\u00e9taire ou mandataire<\/strong><\/li>\n  <li><strong>La description\/inventaire du bien pi\u00e8ce par pi\u00e8ce<\/strong><\/li>\n  <li><strong>L\u2019\u00e9tat des \u00e9quipements<\/strong> (chauffage, sanitaires, \u00e9lectricit\u00e9, etc.)<\/li>\n  <li><strong>Les relev\u00e9s des compteurs<\/strong> (eau, gaz, \u00e9lectricit\u00e9)<\/li>\n  <li><strong>La signature des deux parties<\/strong><\/li>\n<\/ul>\n<p>Un <strong>mod\u00e8le d\u2019\u00e9tat des lieux \u00e0 t\u00e9l\u00e9charger<\/strong> permet de gagner du temps. Ce type de formulaire pr\u00e9-rempli facilite la saisie des informations n\u00e9cessaires sans rien oublier. Il peut inclure des cases pour noter des observations pr\u00e9cises sur <strong>l\u2019\u00e9tat du logement<\/strong>, comme les t\u00e2ches, rayures ou dysfonctionnements \u00e9ventuels.<\/p>\n\n<p>Aujourd\u2019hui, il n\u2019existe pas de restriction concernant le support du document\u202f: <strong>l\u2019\u00e9tat des lieux peut \u00eatre manuscrit, imprim\u00e9 ou r\u00e9alis\u00e9 en version num\u00e9rique<\/strong> via une application d\u00e9di\u00e9e. La version num\u00e9rique assure une meilleure conservation et garantit la <strong>protection du locataire et du propri\u00e9taire<\/strong> en cas de contestation ult\u00e9rieure, sous r\u00e9serve que les signatures soient valides.<\/p>\n<p>L\u2019essentiel reste la rigueur dans la saisie des informations. Peu importe le format choisi, c\u2019est la qualit\u00e9 de la <strong>description\/inventaire du bien<\/strong>, ainsi que la neutralit\u00e9 des mentions inscrites, qui feront foi devant un juge en cas de d\u00e9bat.<\/p>\n\n<h2>Quels sont les pi\u00e8ges \u00e0 \u00e9viter lors d\u2019un \u00e9tat des lieux\u202f?<\/h2>\n<p>R\u00e9aliser un <strong>\u00e9tat des lieux locatif<\/strong> demande pr\u00e9cision et vigilance. N\u00e9gliger certains d\u00e9tails ou omettre une pi\u00e8ce expose \u00e0 des contestations co\u00fbteuses : si une d\u00e9gradation n\u2019est pas inscrite \u00e0 l\u2019entr\u00e9e, elle pourra \u00eatre imput\u00e9e \u00e0 tort au locataire lors de son d\u00e9part. L\u2019inverse vaut aussi : tout oubli d\u2019am\u00e9lioration pourrait desservir le propri\u00e9taire. Il faut donc adopter une m\u00e9thode rigoureuse en relevant par exemple :<\/p>\n\n<ul>\n  <li><strong>L\u2019\u00e9tat des peintures et sols<\/strong><\/li>\n  <li><strong>Le fonctionnement des portes et fen\u00eatres<\/strong><\/li>\n  <li><strong>La pr\u00e9sence \u00e9ventuelle d\u2019humidit\u00e9 ou de moisissures<\/strong><\/li>\n  <li><strong>Le bon usage des \u00e9quipements list\u00e9s dans le bail<\/strong><\/li>\n<\/ul>\n<p>Mieux vaut utiliser des termes simples mais pr\u00e9cis (\u00ab\u202fbon \u00e9tat\u202f\u00bb, \u00ab\u202f\u00e9tat d\u2019usage\u202f\u00bb, \u00ab\u202fab\u00eem\u00e9\u202f\u00bb) et illustrer si n\u00e9cessaire <strong>l\u2019\u00e9tat constat\u00e9 par des photos<\/strong> annex\u00e9es au dossier sign\u00e9 par chacun.<\/p>\n\n<p>L\u2019absence de <strong>constatation de l\u2019\u00e9tat des lieux<\/strong> expose le bailleur comme le locataire \u00e0 des risques accrus de litiges. Sans ce <strong>document obligatoire<\/strong>, la loi pr\u00e9sume que le locataire a re\u00e7u le logement en bon \u00e9tat, ce qui complique fortement toute r\u00e9clamation de r\u00e9parations \u00e0 la sortie. De m\u00eame, les \u00e9ventuels dysfonctionnements non signal\u00e9s \u00e0 l\u2019entr\u00e9e seront r\u00e9put\u00e9s avoir \u00e9t\u00e9 caus\u00e9s pendant la p\u00e9riode de location.<\/p>\n<p>Autant pour \u00e9viter toute confusion lors de la <strong>remise des cl\u00e9s<\/strong>, que pour garantir une transparence parfaite sur <strong>l\u2019\u00e9tat des \u00e9quipements<\/strong> et le mobilier \u00e9ventuel, il reste essentiel de proc\u00e9der avec s\u00e9rieux \u00e0 ce contr\u00f4le contradictoire.<\/p>\n\n<h2>Focus sur quelques points cl\u00e9s de l\u2019\u00e9tat des lieux<\/h2>\n<p>Certains aspects m\u00e9ritent une attention particuli\u00e8re lors de la r\u00e9alisation de <strong>l\u2019\u00e9tat des lieux locatif<\/strong>.<\/p>\n<p>L\u2019une des principales sources de m\u00e9sentente apr\u00e8s la remise des cl\u00e9s concerne la distinction entre <strong>usure dite \u00ab\u00a0normale\u00a0\u00bb du logement<\/strong> et <strong>d\u00e9gradations imputables au locataire<\/strong>. L\u2019usure normale regroupe tout ce qui r\u00e9sulte d\u2019une occupation ordinaire et raisonnable, alors que la d\u00e9gradation consiste en dommages li\u00e9s \u00e0 un mauvais usage ou une n\u00e9gligence manifeste.<\/p>\n<ul>\n  <li><strong>Usure normale<\/strong> : d\u00e9coloration des peintures avec le temps, joints silicones jaunis<\/li>\n  <li><strong>D\u00e9gradations<\/strong> : trous non rebouch\u00e9s, carrelage cass\u00e9, traces massives d\u2019humidit\u00e9 par d\u00e9faut d\u2019a\u00e9ration<\/li>\n<\/ul>\n<p>Cette diff\u00e9rence, mentionn\u00e9e pr\u00e9cis\u00e9ment lors de la <strong>constatation de l\u2019\u00e9tat des lieux de sortie<\/strong>, conditionnera le calcul des \u00e9ventuels frais retenus sur le d\u00e9p\u00f4t de garantie.<\/p>\n\n<p>Certaines d\u00e9marches permettent d\u2019all\u00e9ger la charge administrative souvent per\u00e7ue autour de <strong>l\u2019\u00e9tat des lieux<\/strong>. Pr\u00e9parer en amont un <strong>mod\u00e8le d\u2019\u00e9tat des lieux \u00e0 t\u00e9l\u00e9charger<\/strong>, choisir un moment o\u00f9 la lumi\u00e8re naturelle permet de tout examiner, et recourir \u00e0 la prise de photos officielles sont des alli\u00e9s pr\u00e9cieux. Impliquer pleinement le locataire, par de petites v\u00e9rifications lors de la <strong>remise des cl\u00e9s<\/strong>, favorise enfin une atmosph\u00e8re plus sereine et collaborative jusqu\u2019\u00e0 la fin du bail.<\/p>\n\n<h2>Questions fr\u00e9quentes sur l\u2019\u00e9tat des lieux locatif<\/h2>\n\n<div itemscope itemtype=\"https:\/\/schema.org\/FAQPage\">\n  <div itemscope itemprop=\"mainEntity\" itemtype=\"https:\/\/schema.org\/Question\">\n    <h3 itemprop=\"name\">Quelles sont les pi\u00e8ces concern\u00e9es par l\u2019\u00e9tat des lieux ?<\/h3>\n    <div itemscope itemprop=\"acceptedAnswer\" itemtype=\"https:\/\/schema.org\/Answer\">\n      <div itemprop=\"text\">\n        <strong>Toutes les pi\u00e8ces composant le logement lou\u00e9<\/strong> doivent \u00eatre examin\u00e9es lors de l\u2019\u00e9tat des lieux. Cela inclut non seulement <strong>les chambres, pi\u00e8ce de vie, salle d\u2019eau, cuisine et WC<\/strong>, mais \u00e9galement <strong>les annexes<\/strong> comme la cave, le grenier, le garage, voire le balcon s\u2019ils sont inclus dans le bail.\n        <ul>\n          <li><strong>Pi\u00e8ces principales<\/strong>\u202f: salon, chambres, couloir<\/li>\n          <li><strong>D\u00e9pendances mentionn\u00e9es dans le contrat de location\/bail<\/strong><\/li>\n          <li><strong>\u00c9quipements int\u00e9gr\u00e9s<\/strong> tels que radiateurs ou \u00e9lectrom\u00e9nager<\/li>\n        <\/ul>\n      <\/div>\n    <\/div>\n  <\/div>\n  <div itemscope itemprop=\"mainEntity\" itemtype=\"https:\/\/schema.org\/Question\">\n    <h3 itemprop=\"name\">Peut-on corriger un \u00e9tat des lieux apr\u00e8s signature ?<\/h3>\n    <div itemscope itemprop=\"acceptedAnswer\" itemtype=\"https:\/\/schema.org\/Answer\">\n      <div itemprop=\"text\">\n        La loi permet de demander une modification de l\u2019<strong>\u00e9tat des lieux d\u2019entr\u00e9e<\/strong> pendant dix jours apr\u00e8s sa r\u00e9alisation, sauf mention contraire dans le bail. Au-del\u00e0 de ce d\u00e9lai, c\u2019est uniquement avec l\u2019accord \u00e9crit des deux parties que le document pourra \u00eatre ajust\u00e9.\n        <ul>\n          <li><strong>P\u00e9riode de rectification l\u00e9gale de 10 jours<\/strong> apr\u00e8s entr\u00e9e<\/li>\n          <li><strong>Modifications accept\u00e9es uniquement par accord \u00e9crit<\/strong> pass\u00e9 ce d\u00e9lai<\/li>\n        <\/ul>\n      <\/div>\n    <\/div>\n  <\/div>\n  <div itemscope itemprop=\"mainEntity\" itemtype=\"https:\/\/schema.org\/Question\">\n    <h3 itemprop=\"name\">Un locataire peut-il refuser de signer l\u2019\u00e9tat des lieux ?<\/h3>\n    <div itemscope itemprop=\"acceptedAnswer\" itemtype=\"https:\/\/schema.org\/Answer\">\n      <div itemprop=\"text\">\n        Si l\u2019une des parties refuse de signer, chacun peut faire appel \u00e0 un huissier dont la mission sera <strong>d\u2019\u00e9tablir un constat officiel<\/strong>. Les frais engendr\u00e9s sont g\u00e9n\u00e9ralement partag\u00e9s par moiti\u00e9 selon la r\u00e9glementation.\n        <ul>\n          <li><strong>Passage par un professionnel neutre<\/strong> en cas de d\u00e9saccord<\/li>\n          <li><strong>Signature unique non suffisante<\/strong> pour valider le document<\/li>\n        <\/ul>\n      <\/div>\n    <\/div>\n  <\/div>\n  <div itemscope itemprop=\"mainEntity\" itemtype=\"https:\/\/schema.org\/Question\">\n    <h3 itemprop=\"name\">Existe-t-il un mod\u00e8le d\u2019\u00e9tat des lieux recommand\u00e9\u202f?<\/h3>\n    <div itemscope itemprop=\"acceptedAnswer\" itemtype=\"https:\/\/schema.org\/Answer\">\n      <div itemprop=\"text\">\n        De nombreux <strong>mod\u00e8les d\u2019\u00e9tat des lieux \u00e0 t\u00e9l\u00e9charger<\/strong> existent, propos\u00e9s par des organismes publics et professionnels de l\u2019immobilier. Ces formulaires facilitent la saisie des d\u00e9tails essentiels et assurent d\u2019\u00e9viter les oublis pr\u00e9judiciables.\n        <ul>\n          <li><strong>Documents structur\u00e9s visibles pi\u00e8ce par pi\u00e8ce<\/strong><\/li>\n          <li><strong>Encarts d\u00e9di\u00e9s aux observations et remarques sp\u00e9cifiques<\/strong><\/li>\n        <\/ul>\n      <\/div>\n    <\/div>\n  <\/div>\n<\/div>\n","protected":false},"excerpt":{"rendered":"<p>L\u2019\u00e9tat des lieux locatifs occupe une place centrale au moment de la location d\u2019un bien immobilier. Ce document obligatoire accompagne chaque nouvelle location ou d\u00e9part de locataire, facilitant ainsi la protection du locataire et du propri\u00e9taire. Il permet d\u2019\u00e9viter bien des litiges gr\u00e2ce \u00e0 la constatation objective de l\u2019\u00e9tat du logement et des \u00e9quipements \u00e0 [&hellip;]<\/p>\n","protected":false},"author":1,"featured_media":47,"comment_status":"closed","ping_status":"open","sticky":false,"template":"","format":"standard","meta":{"saved_in_kubio":false,"footnotes":""},"categories":[7],"tags":[],"class_list":["post-48","post","type-post","status-publish","format-standard","has-post-thumbnail","hentry","category-location"],"yoast_head":"<!-- This site is optimized with the Yoast SEO plugin v26.2 - https:\/\/yoast.com\/wordpress\/plugins\/seo\/ -->\n<title>\u00c9tat des lieux locatifs : Prot\u00e9ger locataires et propri\u00e9taires<\/title>\n<meta name=\"description\" content=\"D\u00e9couvrez l&#039;importance de l&#039;\u00e9tat des lieux locatifs, ses \u00e9tapes cl\u00e9s et les pi\u00e8ges \u00e0 \u00e9viter pour prot\u00e9ger les droits des locataires et propri\u00e9taires.\" \/>\n<meta name=\"robots\" content=\"index, follow, max-snippet:-1, max-image-preview:large, max-video-preview:-1\" \/>\n<link rel=\"canonical\" href=\"https:\/\/www.lexpertimmo.fr\/blog\/comprendre-l-etat-des-lieux-locatifs-un-passage-cle-pour-proteger-locataires-et-proprietaires\/\" \/>\n<meta property=\"og:locale\" content=\"fr_FR\" \/>\n<meta property=\"og:type\" content=\"article\" \/>\n<meta property=\"og:title\" content=\"\u00c9tat des lieux locatifs : Prot\u00e9ger locataires et propri\u00e9taires\" \/>\n<meta property=\"og:description\" content=\"D\u00e9couvrez l&#039;importance de l&#039;\u00e9tat des lieux locatifs, ses \u00e9tapes cl\u00e9s et les pi\u00e8ges \u00e0 \u00e9viter pour prot\u00e9ger les droits des locataires et propri\u00e9taires.\" \/>\n<meta property=\"og:url\" content=\"https:\/\/www.lexpertimmo.fr\/blog\/comprendre-l-etat-des-lieux-locatifs-un-passage-cle-pour-proteger-locataires-et-proprietaires\/\" \/>\n<meta property=\"og:site_name\" content=\"L&#039;expert immobilier\" \/>\n<meta property=\"article:published_time\" content=\"2025-10-28T14:56:00+00:00\" \/>\n<meta property=\"article:modified_time\" content=\"2025-10-28T15:09:36+00:00\" \/>\n<meta property=\"og:image\" content=\"https:\/\/www.lexpertimmo.fr\/blog\/wp-content\/uploads\/2025\/10\/comprendre_l_tat_des_lieux_locatifs_un_passage_cl_pour_prot_ger_locataires_et_propri_taires.webp\" \/>\n\t<meta property=\"og:image:width\" content=\"1344\" \/>\n\t<meta property=\"og:image:height\" content=\"768\" \/>\n\t<meta property=\"og:image:type\" content=\"image\/webp\" \/>\n<meta name=\"author\" content=\"L&#039;expert Immo\" \/>\n<meta name=\"twitter:card\" content=\"summary_large_image\" \/>\n<meta name=\"twitter:label1\" content=\"\u00c9crit par\" \/>\n\t<meta name=\"twitter:data1\" content=\"L&#039;expert Immo\" \/>\n\t<meta name=\"twitter:label2\" content=\"Dur\u00e9e de lecture estim\u00e9e\" \/>\n\t<meta name=\"twitter:data2\" content=\"7 minutes\" \/>\n<script type=\"application\/ld+json\" class=\"yoast-schema-graph\">{\"@context\":\"https:\/\/schema.org\",\"@graph\":[{\"@type\":\"WebPage\",\"@id\":\"https:\/\/www.lexpertimmo.fr\/blog\/comprendre-l-etat-des-lieux-locatifs-un-passage-cle-pour-proteger-locataires-et-proprietaires\/\",\"url\":\"https:\/\/www.lexpertimmo.fr\/blog\/comprendre-l-etat-des-lieux-locatifs-un-passage-cle-pour-proteger-locataires-et-proprietaires\/\",\"name\":\"\u00c9tat des lieux locatifs : Prot\u00e9ger locataires et propri\u00e9taires\",\"isPartOf\":{\"@id\":\"https:\/\/www.lexpertimmo.fr\/blog\/#website\"},\"primaryImageOfPage\":{\"@id\":\"https:\/\/www.lexpertimmo.fr\/blog\/comprendre-l-etat-des-lieux-locatifs-un-passage-cle-pour-proteger-locataires-et-proprietaires\/#primaryimage\"},\"image\":{\"@id\":\"https:\/\/www.lexpertimmo.fr\/blog\/comprendre-l-etat-des-lieux-locatifs-un-passage-cle-pour-proteger-locataires-et-proprietaires\/#primaryimage\"},\"thumbnailUrl\":\"https:\/\/www.lexpertimmo.fr\/blog\/wp-content\/uploads\/2025\/10\/comprendre_l_tat_des_lieux_locatifs_un_passage_cl_pour_prot_ger_locataires_et_propri_taires.webp\",\"datePublished\":\"2025-10-28T14:56:00+00:00\",\"dateModified\":\"2025-10-28T15:09:36+00:00\",\"author\":{\"@id\":\"https:\/\/www.lexpertimmo.fr\/blog\/#\/schema\/person\/612f657a17def4dbdfe66b2d0733d0f2\"},\"description\":\"D\u00e9couvrez l'importance de l'\u00e9tat des lieux locatifs, ses \u00e9tapes cl\u00e9s et les pi\u00e8ges \u00e0 \u00e9viter pour prot\u00e9ger les droits des locataires et propri\u00e9taires.\",\"breadcrumb\":{\"@id\":\"https:\/\/www.lexpertimmo.fr\/blog\/comprendre-l-etat-des-lieux-locatifs-un-passage-cle-pour-proteger-locataires-et-proprietaires\/#breadcrumb\"},\"inLanguage\":\"fr-FR\",\"potentialAction\":[{\"@type\":\"ReadAction\",\"target\":[\"https:\/\/www.lexpertimmo.fr\/blog\/comprendre-l-etat-des-lieux-locatifs-un-passage-cle-pour-proteger-locataires-et-proprietaires\/\"]}]},{\"@type\":\"ImageObject\",\"inLanguage\":\"fr-FR\",\"@id\":\"https:\/\/www.lexpertimmo.fr\/blog\/comprendre-l-etat-des-lieux-locatifs-un-passage-cle-pour-proteger-locataires-et-proprietaires\/#primaryimage\",\"url\":\"https:\/\/www.lexpertimmo.fr\/blog\/wp-content\/uploads\/2025\/10\/comprendre_l_tat_des_lieux_locatifs_un_passage_cl_pour_prot_ger_locataires_et_propri_taires.webp\",\"contentUrl\":\"https:\/\/www.lexpertimmo.fr\/blog\/wp-content\/uploads\/2025\/10\/comprendre_l_tat_des_lieux_locatifs_un_passage_cl_pour_prot_ger_locataires_et_propri_taires.webp\",\"width\":1344,\"height\":768,\"caption\":\"\u00c9tat des lieux locatifs\"},{\"@type\":\"BreadcrumbList\",\"@id\":\"https:\/\/www.lexpertimmo.fr\/blog\/comprendre-l-etat-des-lieux-locatifs-un-passage-cle-pour-proteger-locataires-et-proprietaires\/#breadcrumb\",\"itemListElement\":[{\"@type\":\"ListItem\",\"position\":1,\"name\":\"Accueil\",\"item\":\"https:\/\/www.lexpertimmo.fr\/blog\/\"},{\"@type\":\"ListItem\",\"position\":2,\"name\":\"Comprendre l\u2019\u00e9tat des lieux locatifs\u202f: un passage cl\u00e9 pour prot\u00e9ger locataires et propri\u00e9taires\"}]},{\"@type\":\"WebSite\",\"@id\":\"https:\/\/www.lexpertimmo.fr\/blog\/#website\",\"url\":\"https:\/\/www.lexpertimmo.fr\/blog\/\",\"name\":\"L'expert immobilier\",\"description\":\"Le BLOG\",\"potentialAction\":[{\"@type\":\"SearchAction\",\"target\":{\"@type\":\"EntryPoint\",\"urlTemplate\":\"https:\/\/www.lexpertimmo.fr\/blog\/?s={search_term_string}\"},\"query-input\":{\"@type\":\"PropertyValueSpecification\",\"valueRequired\":true,\"valueName\":\"search_term_string\"}}],\"inLanguage\":\"fr-FR\"},{\"@type\":\"Person\",\"@id\":\"https:\/\/www.lexpertimmo.fr\/blog\/#\/schema\/person\/612f657a17def4dbdfe66b2d0733d0f2\",\"name\":\"L'expert Immo\",\"image\":{\"@type\":\"ImageObject\",\"inLanguage\":\"fr-FR\",\"@id\":\"https:\/\/www.lexpertimmo.fr\/blog\/#\/schema\/person\/image\/\",\"url\":\"https:\/\/secure.gravatar.com\/avatar\/4c162247b59ca670bb3fee74b6df0bc8009381414ef89195254cac6b8ca71a2f?s=96&d=mm&r=g\",\"contentUrl\":\"https:\/\/secure.gravatar.com\/avatar\/4c162247b59ca670bb3fee74b6df0bc8009381414ef89195254cac6b8ca71a2f?s=96&d=mm&r=g\",\"caption\":\"L'expert Immo\"},\"sameAs\":[\"https:\/\/www.lexpertimmo.fr\/blog\"],\"url\":\"https:\/\/www.lexpertimmo.fr\/blog\/author\/admin6654\/\"}]}<\/script>\n<!-- \/ Yoast SEO plugin. -->","yoast_head_json":{"title":"\u00c9tat des lieux locatifs : Prot\u00e9ger locataires et propri\u00e9taires","description":"D\u00e9couvrez l'importance de l'\u00e9tat des lieux locatifs, ses \u00e9tapes cl\u00e9s et les pi\u00e8ges \u00e0 \u00e9viter pour prot\u00e9ger les droits des locataires et propri\u00e9taires.","robots":{"index":"index","follow":"follow","max-snippet":"max-snippet:-1","max-image-preview":"max-image-preview:large","max-video-preview":"max-video-preview:-1"},"canonical":"https:\/\/www.lexpertimmo.fr\/blog\/comprendre-l-etat-des-lieux-locatifs-un-passage-cle-pour-proteger-locataires-et-proprietaires\/","og_locale":"fr_FR","og_type":"article","og_title":"\u00c9tat des lieux locatifs : Prot\u00e9ger locataires et propri\u00e9taires","og_description":"D\u00e9couvrez l'importance de l'\u00e9tat des lieux locatifs, ses \u00e9tapes cl\u00e9s et les pi\u00e8ges \u00e0 \u00e9viter pour prot\u00e9ger les droits des locataires et propri\u00e9taires.","og_url":"https:\/\/www.lexpertimmo.fr\/blog\/comprendre-l-etat-des-lieux-locatifs-un-passage-cle-pour-proteger-locataires-et-proprietaires\/","og_site_name":"L&#039;expert immobilier","article_published_time":"2025-10-28T14:56:00+00:00","article_modified_time":"2025-10-28T15:09:36+00:00","og_image":[{"width":1344,"height":768,"url":"https:\/\/www.lexpertimmo.fr\/blog\/wp-content\/uploads\/2025\/10\/comprendre_l_tat_des_lieux_locatifs_un_passage_cl_pour_prot_ger_locataires_et_propri_taires.webp","type":"image\/webp"}],"author":"L'expert Immo","twitter_card":"summary_large_image","twitter_misc":{"\u00c9crit par":"L'expert Immo","Dur\u00e9e de lecture estim\u00e9e":"7 minutes"},"schema":{"@context":"https:\/\/schema.org","@graph":[{"@type":"WebPage","@id":"https:\/\/www.lexpertimmo.fr\/blog\/comprendre-l-etat-des-lieux-locatifs-un-passage-cle-pour-proteger-locataires-et-proprietaires\/","url":"https:\/\/www.lexpertimmo.fr\/blog\/comprendre-l-etat-des-lieux-locatifs-un-passage-cle-pour-proteger-locataires-et-proprietaires\/","name":"\u00c9tat des lieux locatifs : Prot\u00e9ger locataires et propri\u00e9taires","isPartOf":{"@id":"https:\/\/www.lexpertimmo.fr\/blog\/#website"},"primaryImageOfPage":{"@id":"https:\/\/www.lexpertimmo.fr\/blog\/comprendre-l-etat-des-lieux-locatifs-un-passage-cle-pour-proteger-locataires-et-proprietaires\/#primaryimage"},"image":{"@id":"https:\/\/www.lexpertimmo.fr\/blog\/comprendre-l-etat-des-lieux-locatifs-un-passage-cle-pour-proteger-locataires-et-proprietaires\/#primaryimage"},"thumbnailUrl":"https:\/\/www.lexpertimmo.fr\/blog\/wp-content\/uploads\/2025\/10\/comprendre_l_tat_des_lieux_locatifs_un_passage_cl_pour_prot_ger_locataires_et_propri_taires.webp","datePublished":"2025-10-28T14:56:00+00:00","dateModified":"2025-10-28T15:09:36+00:00","author":{"@id":"https:\/\/www.lexpertimmo.fr\/blog\/#\/schema\/person\/612f657a17def4dbdfe66b2d0733d0f2"},"description":"D\u00e9couvrez l'importance de l'\u00e9tat des lieux locatifs, ses \u00e9tapes cl\u00e9s et les pi\u00e8ges \u00e0 \u00e9viter pour prot\u00e9ger les droits des locataires et propri\u00e9taires.","breadcrumb":{"@id":"https:\/\/www.lexpertimmo.fr\/blog\/comprendre-l-etat-des-lieux-locatifs-un-passage-cle-pour-proteger-locataires-et-proprietaires\/#breadcrumb"},"inLanguage":"fr-FR","potentialAction":[{"@type":"ReadAction","target":["https:\/\/www.lexpertimmo.fr\/blog\/comprendre-l-etat-des-lieux-locatifs-un-passage-cle-pour-proteger-locataires-et-proprietaires\/"]}]},{"@type":"ImageObject","inLanguage":"fr-FR","@id":"https:\/\/www.lexpertimmo.fr\/blog\/comprendre-l-etat-des-lieux-locatifs-un-passage-cle-pour-proteger-locataires-et-proprietaires\/#primaryimage","url":"https:\/\/www.lexpertimmo.fr\/blog\/wp-content\/uploads\/2025\/10\/comprendre_l_tat_des_lieux_locatifs_un_passage_cl_pour_prot_ger_locataires_et_propri_taires.webp","contentUrl":"https:\/\/www.lexpertimmo.fr\/blog\/wp-content\/uploads\/2025\/10\/comprendre_l_tat_des_lieux_locatifs_un_passage_cl_pour_prot_ger_locataires_et_propri_taires.webp","width":1344,"height":768,"caption":"\u00c9tat des lieux locatifs"},{"@type":"BreadcrumbList","@id":"https:\/\/www.lexpertimmo.fr\/blog\/comprendre-l-etat-des-lieux-locatifs-un-passage-cle-pour-proteger-locataires-et-proprietaires\/#breadcrumb","itemListElement":[{"@type":"ListItem","position":1,"name":"Accueil","item":"https:\/\/www.lexpertimmo.fr\/blog\/"},{"@type":"ListItem","position":2,"name":"Comprendre l\u2019\u00e9tat des lieux locatifs\u202f: un passage cl\u00e9 pour prot\u00e9ger locataires et propri\u00e9taires"}]},{"@type":"WebSite","@id":"https:\/\/www.lexpertimmo.fr\/blog\/#website","url":"https:\/\/www.lexpertimmo.fr\/blog\/","name":"L'expert immobilier","description":"Le BLOG","potentialAction":[{"@type":"SearchAction","target":{"@type":"EntryPoint","urlTemplate":"https:\/\/www.lexpertimmo.fr\/blog\/?s={search_term_string}"},"query-input":{"@type":"PropertyValueSpecification","valueRequired":true,"valueName":"search_term_string"}}],"inLanguage":"fr-FR"},{"@type":"Person","@id":"https:\/\/www.lexpertimmo.fr\/blog\/#\/schema\/person\/612f657a17def4dbdfe66b2d0733d0f2","name":"L'expert Immo","image":{"@type":"ImageObject","inLanguage":"fr-FR","@id":"https:\/\/www.lexpertimmo.fr\/blog\/#\/schema\/person\/image\/","url":"https:\/\/secure.gravatar.com\/avatar\/4c162247b59ca670bb3fee74b6df0bc8009381414ef89195254cac6b8ca71a2f?s=96&d=mm&r=g","contentUrl":"https:\/\/secure.gravatar.com\/avatar\/4c162247b59ca670bb3fee74b6df0bc8009381414ef89195254cac6b8ca71a2f?s=96&d=mm&r=g","caption":"L'expert Immo"},"sameAs":["https:\/\/www.lexpertimmo.fr\/blog"],"url":"https:\/\/www.lexpertimmo.fr\/blog\/author\/admin6654\/"}]}},"yoast_meta":{"yoast_wpseo_title":"","yoast_wpseo_metadesc":"","yoast_wpseo_canonical":""},"_links":{"self":[{"href":"https:\/\/www.lexpertimmo.fr\/blog\/wp-json\/wp\/v2\/posts\/48","targetHints":{"allow":["GET"]}}],"collection":[{"href":"https:\/\/www.lexpertimmo.fr\/blog\/wp-json\/wp\/v2\/posts"}],"about":[{"href":"https:\/\/www.lexpertimmo.fr\/blog\/wp-json\/wp\/v2\/types\/post"}],"author":[{"embeddable":true,"href":"https:\/\/www.lexpertimmo.fr\/blog\/wp-json\/wp\/v2\/users\/1"}],"replies":[{"embeddable":true,"href":"https:\/\/www.lexpertimmo.fr\/blog\/wp-json\/wp\/v2\/comments?post=48"}],"version-history":[{"count":1,"href":"https:\/\/www.lexpertimmo.fr\/blog\/wp-json\/wp\/v2\/posts\/48\/revisions"}],"predecessor-version":[{"id":49,"href":"https:\/\/www.lexpertimmo.fr\/blog\/wp-json\/wp\/v2\/posts\/48\/revisions\/49"}],"wp:featuredmedia":[{"embeddable":true,"href":"https:\/\/www.lexpertimmo.fr\/blog\/wp-json\/wp\/v2\/media\/47"}],"wp:attachment":[{"href":"https:\/\/www.lexpertimmo.fr\/blog\/wp-json\/wp\/v2\/media?parent=48"}],"wp:term":[{"taxonomy":"category","embeddable":true,"href":"https:\/\/www.lexpertimmo.fr\/blog\/wp-json\/wp\/v2\/categories?post=48"},{"taxonomy":"post_tag","embeddable":true,"href":"https:\/\/www.lexpertimmo.fr\/blog\/wp-json\/wp\/v2\/tags?post=48"}],"curies":[{"name":"wp","href":"https:\/\/api.w.org\/{rel}","templated":true}]}}